{"id":93,"date":"2023-08-15T08:33:18","date_gmt":"2023-08-15T08:33:18","guid":{"rendered":"https:\/\/welcomespanishrevolution.com\/ocs2023\/?p=93"},"modified":"2023-08-15T08:33:55","modified_gmt":"2023-08-15T08:33:55","slug":"el-cielo-gira","status":"publish","type":"post","link":"https:\/\/welcomespanishrevolution.com\/ocs2023\/el-cielo-gira\/","title":{"rendered":"El Cielo Gira"},"content":{"rendered":"<h3><span style=\"font-weight: 400;\">Proyecci\u00f3n de El cielo gira (Aula Mergelina, Universidad de Valladolid) y conversaci\u00f3n con Mercedes Alvarez Pendiente<\/span><\/h3>\n<p><a href=\"https:\/\/welcomespanishrevolution.com\/ocs2023\/mercedes-alvarez\/\">Mercedes \u00c1lvarez<\/a> (montadora del largometraje documental del a\u00f1o 2001\u00a0<i>En construcci\u00f3n<\/i>, dirigido por\u00a0Jos\u00e9 Luis Guer\u00edn), directora de este documental, regresa a sus or\u00edgenes para contemplar la extinci\u00f3n de un pueblo al tiempo que intenta recuperar las im\u00e1genes del mismo lugar cuando a\u00fan rebosaba vida, cuando, a principios de siglo, el pueblo contaba con cuatrocientos habitantes. La intenci\u00f3n de la narradora no es otra que mostrar la decadencia del pueblo, su desaparici\u00f3n, pero captarla mientras ocurre, no\u00a0<i>a posteriori<\/i>, a fin de dejar los hechos anclados en la memoria. Una historia extrapolable a los muchos pueblos fantasma que hay ya en Espa\u00f1a que no s\u00f3lo olvidan su historia, sino tambi\u00e9n su paisaje.<\/p>\n<h3><span id=\"Sinopsis\" class=\"mw-headline\">Sinopsis<\/span><\/h3>\n<p>Solo quedan 14 habitantes en el peque\u00f1o pueblo de\u00a0<a title=\"Aldealse\u00f1or\" href=\"https:\/\/es.wikipedia.org\/wiki\/Aldealse%C3%B1or\">Aldealse\u00f1or<\/a>, una localidad de los p\u00e1ramos altos de\u00a0<a title=\"Soria\" href=\"https:\/\/es.wikipedia.org\/wiki\/Soria\">Soria<\/a>. Pertenecen a la \u00faltima generaci\u00f3n tras mil a\u00f1os de historia ininterrumpida, y es muy probable que la vida del pueblo se extinga con ellos. Los vecinos de este lugar comparten algo importante con el pintor, casi ciego, Pello Azketa: que las cosas han comenzado a desaparecer delante de ellos.<\/p>\n","protected":false},"excerpt":{"rendered":"<p>Proyecci\u00f3n de El cielo gira (Aula Mergelina, Universidad de Valladolid) y conversaci\u00f3n con Mercedes Alvarez Pendiente Mercedes \u00c1lvarez (montadora del largometraje documental del a\u00f1o 2001\u00a0En construcci\u00f3n, dirigido por\u00a0Jos\u00e9 Luis Guer\u00edn),&#8230;<\/p>\n","protected":false},"author":2,"featured_media":94,"comment_status":"closed","ping_status":"closed","sticky":false,"template":"","format":"standard","meta":{"footnotes":""},"categories":[13],"tags":[10],"class_list":{"0":"post-93","1":"post","2":"type-post","3":"status-publish","4":"format-standard","5":"has-post-thumbnail","7":"category-proyecciones_cl","8":"tag-valladolidleon"},"_links":{"self":[{"href":"https:\/\/welcomespanishrevolution.com\/ocs2023\/wp-json\/wp\/v2\/posts\/93","targetHints":{"allow":["GET"]}}],"collection":[{"href":"https:\/\/welcomespanishrevolution.com\/ocs2023\/wp-json\/wp\/v2\/posts"}],"about":[{"href":"https:\/\/welcomespanishrevolution.com\/ocs2023\/wp-json\/wp\/v2\/types\/post"}],"author":[{"embeddable":true,"href":"https:\/\/welcomespanishrevolution.com\/ocs2023\/wp-json\/wp\/v2\/users\/2"}],"replies":[{"embeddable":true,"href":"https:\/\/welcomespanishrevolution.com\/ocs2023\/wp-json\/wp\/v2\/comments?post=93"}],"version-history":[{"count":2,"href":"https:\/\/welcomespanishrevolution.com\/ocs2023\/wp-json\/wp\/v2\/posts\/93\/revisions"}],"predecessor-version":[{"id":96,"href":"https:\/\/welcomespanishrevolution.com\/ocs2023\/wp-json\/wp\/v2\/posts\/93\/revisions\/96"}],"wp:featuredmedia":[{"embeddable":true,"href":"https:\/\/welcomespanishrevolution.com\/ocs2023\/wp-json\/wp\/v2\/media\/94"}],"wp:attachment":[{"href":"https:\/\/welcomespanishrevolution.com\/ocs2023\/wp-json\/wp\/v2\/media?parent=93"}],"wp:term":[{"taxonomy":"category","embeddable":true,"href":"https:\/\/welcomespanishrevolution.com\/ocs2023\/wp-json\/wp\/v2\/categories?post=93"},{"taxonomy":"post_tag","embeddable":true,"href":"https:\/\/welcomespanishrevolution.com\/ocs2023\/wp-json\/wp\/v2\/tags?post=93"}],"curies":[{"name":"wp","href":"https:\/\/api.w.org\/{rel}","templated":true}]}}