{"id":524,"date":"2023-09-04T18:46:39","date_gmt":"2023-09-04T18:46:39","guid":{"rendered":"https:\/\/welcomespanishrevolution.com\/ocs2023\/?p=524"},"modified":"2023-09-04T18:47:36","modified_gmt":"2023-09-04T18:47:36","slug":"nayra-sanz-fuentes","status":"publish","type":"post","link":"https:\/\/welcomespanishrevolution.com\/ocs2023\/nayra-sanz-fuentes\/","title":{"rendered":"Nayra Sanz Fuentes"},"content":{"rendered":"<div class=\"uncode_text_column\">\n<p>Nayra Sanz Fuentes, cineasta y productora independiente, es licenciada en Filolog\u00eda Hisp\u00e1nica, especializada en literatura contempor\u00e1nea. Llev\u00f3 a cabo su Diploma de Estudios Avanzados en la Universidad Humboldt de Berl\u00edn gracias a una beca del Servicio Alem\u00e1n de Intercambio Acad\u00e9mico. Su estudio analiza el \u201cideal del cuerpo\u201d nacionalsocialista a trav\u00e9s de la obra de la cineasta Leni Riefenstahl. Realiz\u00f3 un M\u00e1ster de Direcci\u00f3n de Cine en Nueva York, donde comenz\u00f3 a trabajar en producciones cinematogr\u00e1ficas.<\/p>\n<p>En 2008 cre\u00f3 la productora Rinoceronte Films, enfocada en la producci\u00f3n de trabajos cinematogr\u00e1ficos y en el desarrollo de proyectos de corte cultural. En la actualidad, su filmograf\u00eda cuenta con nueve cortometrajes de ficci\u00f3n y no-ficci\u00f3n:\u00a0<em>Pez volador<\/em>\u00a0(2022),\u00a0<em>Derivas<\/em>\u00a0(2020),\u00a0<em>Selfie<\/em>\u00a0(2019),\u00a0<em>En esas tierras<\/em>\u00a0(2018),\u00a0<em>Sub Terrae<\/em>\u00a0(2017),\u00a0<em>Un d\u00eda cualquiera<\/em>\u00a0(2014),\u00a0<em>Things in Common<\/em>\u00a0(2011),\u00a0<em>Encounter<\/em>\u00a0(2010) y\u00a0<em>Anniversary<\/em>\u00a0(2009).<\/p>\n<p>Sus trabajos han participado en m\u00e1s de 400 festivales nacionales e internacionales, han sido proyectados en universidades como Columbia University Chicago, Carleton College, City University of New York o la Universidad Aut\u00f3noma de Madrid, y han recibido premios como la Caracola Alcances del Festival de Cine Documental de C\u00e1diz, el Premio Edward Snowden o el Premio MiradasDoc, entre otros.<\/p>\n<p>Su primer largometraje,\u00a0<em>Tan Antiguo como el Mundo<\/em>\u00a0(2012), fue galardonado con el Premio C\u00edrculo Precolombino de Oro del 29.\u00ba Festival Internacional de Cine de Bogot\u00e1 y ha participado en numerosos festivales, al igual que se ha proyectado en centros culturales y universidades.<\/p>\n<p>Sus \u00faltimos proyectos los ha enmarcado en la serie\u00a0<em>Distop\u00edas alcanzadas<\/em>. En ellos se acerca a espacios que representan modelos sociopol\u00edticos del mundo contempor\u00e1neo con el fin de establecer una dial\u00e9ctica sobre la construcci\u00f3n de nuestras sociedades a partir de la interrelaci\u00f3n de la naturaleza, la humanidad y la tecnolog\u00eda.<\/p>\n<p>Fue la directora de producci\u00f3n y montadora del largometraje\u00a0<em>Edificio Espa\u00f1a<\/em>\u00a0(2014), nominado a los Premios Goya, y coproductora y coguionista de\u00a0<em>La ciudad oculta<\/em>\u00a0(2018), ganador del Premio Feroz de la Cr\u00edtica. Tambi\u00e9n ha sido coproductora y coguionista de\u00a0<em>R\u00e9quiem Georg<\/em>\u00a0(2022).<\/p>\n<p>Desde el a\u00f1o 2020 es programadora en el Festival MiradasDoc, al igual que lo ha sido en el CicloDocma de Matadero Madrid. Colabora como docente en centros educativos como la Escuela Internacional de Cine y Televisi\u00f3n de San Antonio de los Ba\u00f1os (Cuba), Escuela Universitaria de Artes TAI, LENS Escuela de Artes Visuales o M\u00e1ster LAV, entre otros. Desde 2017 es la responsable de la Secci\u00f3n Educativa para Adolescentes de la Muestra de Cine de Lanzarote, al igual que del jurado joven.<\/p>\n<p>Ha participado como jurado en festivales como la Semana Internacional de Cine de Valladolid (SEMINCI), el Festival de Cine Mediterr\u00e1neo de Alejandr\u00eda, el Festival de Cine Documental Alcances, la Semana de Cine de Medina del Campo o el Festival Internacional de Cine Medioambiental de Canarias.<\/p>\n<\/div>\n","protected":false},"excerpt":{"rendered":"<p>Nayra Sanz Fuentes, cineasta y productora independiente, es licenciada en Filolog\u00eda Hisp\u00e1nica, especializada en literatura contempor\u00e1nea. Llev\u00f3 a cabo su Diploma de Estudios Avanzados en la Universidad Humboldt de Berl\u00edn&#8230;<\/p>\n","protected":false},"author":2,"featured_media":527,"comment_status":"closed","ping_status":"closed","sticky":false,"template":"","format":"standard","meta":{"footnotes":""},"categories":[19,6],"tags":[],"class_list":{"0":"post-524","1":"post","2":"type-post","3":"status-publish","4":"format-standard","5":"has-post-thumbnail","7":"category-invitadas-galiza","8":"category-invitadas_pv"},"_links":{"self":[{"href":"https:\/\/welcomespanishrevolution.com\/ocs2023\/wp-json\/wp\/v2\/posts\/524","targetHints":{"allow":["GET"]}}],"collection":[{"href":"https:\/\/welcomespanishrevolution.com\/ocs2023\/wp-json\/wp\/v2\/posts"}],"about":[{"href":"https:\/\/welcomespanishrevolution.com\/ocs2023\/wp-json\/wp\/v2\/types\/post"}],"author":[{"embeddable":true,"href":"https:\/\/welcomespanishrevolution.com\/ocs2023\/wp-json\/wp\/v2\/users\/2"}],"replies":[{"embeddable":true,"href":"https:\/\/welcomespanishrevolution.com\/ocs2023\/wp-json\/wp\/v2\/comments?post=524"}],"version-history":[{"count":1,"href":"https:\/\/welcomespanishrevolution.com\/ocs2023\/wp-json\/wp\/v2\/posts\/524\/revisions"}],"predecessor-version":[{"id":526,"href":"https:\/\/welcomespanishrevolution.com\/ocs2023\/wp-json\/wp\/v2\/posts\/524\/revisions\/526"}],"wp:featuredmedia":[{"embeddable":true,"href":"https:\/\/welcomespanishrevolution.com\/ocs2023\/wp-json\/wp\/v2\/media\/527"}],"wp:attachment":[{"href":"https:\/\/welcomespanishrevolution.com\/ocs2023\/wp-json\/wp\/v2\/media?parent=524"}],"wp:term":[{"taxonomy":"category","embeddable":true,"href":"https:\/\/welcomespanishrevolution.com\/ocs2023\/wp-json\/wp\/v2\/categories?post=524"},{"taxonomy":"post_tag","embeddable":true,"href":"https:\/\/welcomespanishrevolution.com\/ocs2023\/wp-json\/wp\/v2\/tags?post=524"}],"curies":[{"name":"wp","href":"https:\/\/api.w.org\/{rel}","templated":true}]}}