{"id":45,"date":"2023-08-15T07:44:05","date_gmt":"2023-08-15T07:44:05","guid":{"rendered":"https:\/\/welcomespanishrevolution.com\/ocs2023\/?p=45"},"modified":"2023-09-02T07:37:51","modified_gmt":"2023-09-02T07:37:51","slug":"mercedes-alvarez","status":"publish","type":"post","link":"https:\/\/welcomespanishrevolution.com\/ocs2023\/mercedes-alvarez\/","title":{"rendered":"Mercedes \u00c1lvarez"},"content":{"rendered":"<p><span style=\"font-weight: 400;\">Mercedes \u00c1lvarez es profesora en LENS Escuela de Artes Visuales donde imparte clases en el M\u00e1ster de Cine Documental en la Universidad Pompeu Fabra. Al mismo tiempo, es una destacada cineasta que ha logrado prestigiosos premios internacionales.<\/span><\/p>\n<p><span style=\"font-weight: 400;\">Debut\u00f3 como directora de cine en 1997 con el cortometraje de ficci\u00f3n <\/span><i><span style=\"font-weight: 400;\">El viento africano<\/span><\/i><span style=\"font-weight: 400;\">. Al a\u00f1o siguiente, comenz\u00f3 a centrarse en el cine documental y engros\u00f3 las filas del M\u00e1ster de Documental Creativo de la Universidad Pompeu Fabra de Barcelona.\u00a0<\/span><\/p>\n<p><span style=\"font-weight: 400;\">Su primer largometraje lleg\u00f3 en 2004 y se titul\u00f3 <\/span><i><span style=\"font-weight: 400;\">El Cielo Gira <\/span><\/i><span style=\"font-weight: 400;\">recibi\u00f3 el Tiger Award en el Rotterdam Film Festival de 2004, el Winner \u2018Grand Prix\u2019 del Festival du Cin\u00e9ma du Reel de Paris en 2005, el Premio Unosguardo a la Mejor Pel\u00edcula del Infinity Festival y el galard\u00f3n de Mejor Pel\u00edcula en BAFICI de Buenos Aires. En 2011 estren\u00f3 el largometraje <\/span><i><span style=\"font-weight: 400;\">Mercado de Futuros <\/span><\/i><span style=\"font-weight: 400;\">y, en 2012, <\/span><i><span style=\"font-weight: 400;\">Cinco elementos para cualquier universo<\/span><\/i><span style=\"font-weight: 400;\">.<\/span><\/p>\n<p><span style=\"font-weight: 400;\">Adem\u00e1s de su labor como directora, Mercedes \u00c1lvarez Trabaj\u00f3 como editora en la pel\u00edcula de Jos\u00e9 Luis Guer\u00edn <\/span><i><span style=\"font-weight: 400;\">En construcci\u00f3n<\/span><\/i><span style=\"font-weight: 400;\">.<\/span><\/p>\n","protected":false},"excerpt":{"rendered":"<p>Mercedes \u00c1lvarez es profesora en LENS Escuela de Artes Visuales donde imparte clases en el M\u00e1ster de Cine Documental en la Universidad Pompeu Fabra. Al mismo tiempo, es una destacada&#8230;<\/p>\n","protected":false},"author":2,"featured_media":259,"comment_status":"closed","ping_status":"closed","sticky":false,"template":"","format":"standard","meta":{"footnotes":""},"categories":[14],"tags":[10],"class_list":{"0":"post-45","1":"post","2":"type-post","3":"status-publish","4":"format-standard","5":"has-post-thumbnail","7":"category-invitadas_cl","8":"tag-valladolidleon"},"_links":{"self":[{"href":"https:\/\/welcomespanishrevolution.com\/ocs2023\/wp-json\/wp\/v2\/posts\/45","targetHints":{"allow":["GET"]}}],"collection":[{"href":"https:\/\/welcomespanishrevolution.com\/ocs2023\/wp-json\/wp\/v2\/posts"}],"about":[{"href":"https:\/\/welcomespanishrevolution.com\/ocs2023\/wp-json\/wp\/v2\/types\/post"}],"author":[{"embeddable":true,"href":"https:\/\/welcomespanishrevolution.com\/ocs2023\/wp-json\/wp\/v2\/users\/2"}],"replies":[{"embeddable":true,"href":"https:\/\/welcomespanishrevolution.com\/ocs2023\/wp-json\/wp\/v2\/comments?post=45"}],"version-history":[{"count":1,"href":"https:\/\/welcomespanishrevolution.com\/ocs2023\/wp-json\/wp\/v2\/posts\/45\/revisions"}],"predecessor-version":[{"id":46,"href":"https:\/\/welcomespanishrevolution.com\/ocs2023\/wp-json\/wp\/v2\/posts\/45\/revisions\/46"}],"wp:featuredmedia":[{"embeddable":true,"href":"https:\/\/welcomespanishrevolution.com\/ocs2023\/wp-json\/wp\/v2\/media\/259"}],"wp:attachment":[{"href":"https:\/\/welcomespanishrevolution.com\/ocs2023\/wp-json\/wp\/v2\/media?parent=45"}],"wp:term":[{"taxonomy":"category","embeddable":true,"href":"https:\/\/welcomespanishrevolution.com\/ocs2023\/wp-json\/wp\/v2\/categories?post=45"},{"taxonomy":"post_tag","embeddable":true,"href":"https:\/\/welcomespanishrevolution.com\/ocs2023\/wp-json\/wp\/v2\/tags?post=45"}],"curies":[{"name":"wp","href":"https:\/\/api.w.org\/{rel}","templated":true}]}}