{"id":442,"date":"2023-09-02T11:33:24","date_gmt":"2023-09-02T11:33:24","guid":{"rendered":"https:\/\/welcomespanishrevolution.com\/ocs2023\/?p=442"},"modified":"2023-09-02T16:21:31","modified_gmt":"2023-09-02T16:21:31","slug":"toni-de-la-iglesia","status":"publish","type":"post","link":"https:\/\/welcomespanishrevolution.com\/ocs2023\/toni-de-la-iglesia\/","title":{"rendered":"To\u00f1i de la Iglesia\u00a0"},"content":{"rendered":"<p><span style=\"font-weight: 400;\">To\u00f1i de la Iglesia es presidenta de la asociaci\u00f3n cultural La Ortiga de la que forma parte desde finales de los a\u00f1os 90. Su recorrido vital ha estado marcado por las luchas feministas y ecologistas de los a\u00f1os 70 en las que particip\u00f3 activamente a trav\u00e9s de diversos colectivos y asociaciones.\u00a0<\/span><\/p>\n<p><span style=\"font-weight: 400;\">En 1992 fund\u00f3, junto al antrop\u00f3logo Antonio Montesino, Editorial L\u00edmite, una peque\u00f1a editorial independiente responsable de las ediciones de la revista de arte, literatura y pensamiento La Ortiga que en la actualidad co dirige. Impulsora del proyecto La Casa de Fresno, un espacio gastron\u00f3mico-cultural en el valle de Campoo (Cantabria) donde coordin\u00f3 distintas actividades culturales, gastron\u00f3micas, ediciones y encuentros entre 2005 y 2015. Actualmente es la coordinadora del proyecto Biblioteca y Archivo Antonio Montesino y de los talleres de lectura de <a href=\"https:\/\/laortigacolectiva.net\/\" target=\"_blank\" rel=\"noopener\">La Ortiga Colectiva<\/a>. <\/span><\/p>\n","protected":false},"excerpt":{"rendered":"<p>To\u00f1i de la Iglesia es presidenta de la asociaci\u00f3n cultural La Ortiga de la que forma parte desde finales de los a\u00f1os 90. Su recorrido vital ha estado marcado por&#8230;<\/p>\n","protected":false},"author":2,"featured_media":443,"comment_status":"closed","ping_status":"closed","sticky":false,"template":"","format":"standard","meta":{"footnotes":""},"categories":[25],"tags":[],"class_list":{"0":"post-442","1":"post","2":"type-post","3":"status-publish","4":"format-standard","5":"has-post-thumbnail","7":"category-invitadas-cantabria"},"_links":{"self":[{"href":"https:\/\/welcomespanishrevolution.com\/ocs2023\/wp-json\/wp\/v2\/posts\/442","targetHints":{"allow":["GET"]}}],"collection":[{"href":"https:\/\/welcomespanishrevolution.com\/ocs2023\/wp-json\/wp\/v2\/posts"}],"about":[{"href":"https:\/\/welcomespanishrevolution.com\/ocs2023\/wp-json\/wp\/v2\/types\/post"}],"author":[{"embeddable":true,"href":"https:\/\/welcomespanishrevolution.com\/ocs2023\/wp-json\/wp\/v2\/users\/2"}],"replies":[{"embeddable":true,"href":"https:\/\/welcomespanishrevolution.com\/ocs2023\/wp-json\/wp\/v2\/comments?post=442"}],"version-history":[{"count":2,"href":"https:\/\/welcomespanishrevolution.com\/ocs2023\/wp-json\/wp\/v2\/posts\/442\/revisions"}],"predecessor-version":[{"id":445,"href":"https:\/\/welcomespanishrevolution.com\/ocs2023\/wp-json\/wp\/v2\/posts\/442\/revisions\/445"}],"wp:featuredmedia":[{"embeddable":true,"href":"https:\/\/welcomespanishrevolution.com\/ocs2023\/wp-json\/wp\/v2\/media\/443"}],"wp:attachment":[{"href":"https:\/\/welcomespanishrevolution.com\/ocs2023\/wp-json\/wp\/v2\/media?parent=442"}],"wp:term":[{"taxonomy":"category","embeddable":true,"href":"https:\/\/welcomespanishrevolution.com\/ocs2023\/wp-json\/wp\/v2\/categories?post=442"},{"taxonomy":"post_tag","embeddable":true,"href":"https:\/\/welcomespanishrevolution.com\/ocs2023\/wp-json\/wp\/v2\/tags?post=442"}],"curies":[{"name":"wp","href":"https:\/\/api.w.org\/{rel}","templated":true}]}}