{"id":439,"date":"2023-09-02T11:31:58","date_gmt":"2023-09-02T11:31:58","guid":{"rendered":"https:\/\/welcomespanishrevolution.com\/ocs2023\/?p=439"},"modified":"2023-09-02T11:31:58","modified_gmt":"2023-09-02T11:31:58","slug":"maria-montesino","status":"publish","type":"post","link":"https:\/\/welcomespanishrevolution.com\/ocs2023\/maria-montesino\/","title":{"rendered":"Mar\u00eda Montesino"},"content":{"rendered":"<h3><b>Mar\u00eda Montesino (Doctora en sociolog\u00eda) y To\u00f1i de la Iglesia ( fundadoras de <\/b><a href=\"https:\/\/constelaciondeloscomunes.org\/la-ortiga-colectiva\/\"><b>La Ortiga Colectiva<\/b><\/a><b>)<\/b><\/h3>\n<p><b>Mar\u00eda Montesino <\/b><span style=\"font-weight: 400;\">es soci\u00f3loga, investigadora y productora agroecol\u00f3gica. Actualmente se encuentra realizando su tesis doctoral sobre nuevas ruralidades, comunales y soberan\u00eda alimentaria en la Universidad del Pa\u00eds Vasco. Es miembro del Comit\u00e9 de Investigaci\u00f3n de Sociolog\u00eda Rural de la Federaci\u00f3n Espa\u00f1ola de Sociolog\u00eda. Forma parte de La Ortiga Colectiva desde el a\u00f1o 2002, donde coordina talleres itinerantes sobre antropolog\u00eda, feminismos y agroecolog\u00eda, as\u00ed como encuentros y la edici\u00f3n de la revista de arte, literatura y pensamiento La Ortiga que codirige en la actualidad.\u00a0<\/span><\/p>\n<p><span style=\"font-weight: 400;\">Colabora con diversas instituciones culturales y universidades en los \u00e1mbitos de la formaci\u00f3n en ciencias sociales, la cultura y la agroecolog\u00eda. Ha publicado varios art\u00edculos en libros colectivos sobre cultura, ruralidades, decrecimiento y feminismos. Es productora agroecol\u00f3gica en <\/span><a href=\"https:\/\/www.lalejuca.com\/\"><span style=\"font-weight: 400;\">Dehesa La Lejuca<\/span><\/a><span style=\"font-weight: 400;\">, una ganader\u00eda de carne 100% de pasto en el valle de Campoo en Cantabria, cuya gesti\u00f3n comparte con su pareja, Lucio Gonz\u00e1lez, t\u00e9cnico en recursos naturales y paisaj\u00edsticos. Este proyecto se basa en una visi\u00f3n integral de la producci\u00f3n agroecol\u00f3gica, la participaci\u00f3n cultural y la defensa de una mirada cr\u00edtica, feminista y glocal desde el territorio.<\/span><\/p>\n","protected":false},"excerpt":{"rendered":"<p>Mar\u00eda Montesino (Doctora en sociolog\u00eda) y To\u00f1i de la Iglesia ( fundadoras de La Ortiga Colectiva) Mar\u00eda Montesino es soci\u00f3loga, investigadora y productora agroecol\u00f3gica. Actualmente se encuentra realizando su tesis&#8230;<\/p>\n","protected":false},"author":2,"featured_media":440,"comment_status":"closed","ping_status":"closed","sticky":false,"template":"","format":"standard","meta":{"footnotes":""},"categories":[25],"tags":[],"class_list":{"0":"post-439","1":"post","2":"type-post","3":"status-publish","4":"format-standard","5":"has-post-thumbnail","7":"category-invitadas-cantabria"},"_links":{"self":[{"href":"https:\/\/welcomespanishrevolution.com\/ocs2023\/wp-json\/wp\/v2\/posts\/439","targetHints":{"allow":["GET"]}}],"collection":[{"href":"https:\/\/welcomespanishrevolution.com\/ocs2023\/wp-json\/wp\/v2\/posts"}],"about":[{"href":"https:\/\/welcomespanishrevolution.com\/ocs2023\/wp-json\/wp\/v2\/types\/post"}],"author":[{"embeddable":true,"href":"https:\/\/welcomespanishrevolution.com\/ocs2023\/wp-json\/wp\/v2\/users\/2"}],"replies":[{"embeddable":true,"href":"https:\/\/welcomespanishrevolution.com\/ocs2023\/wp-json\/wp\/v2\/comments?post=439"}],"version-history":[{"count":1,"href":"https:\/\/welcomespanishrevolution.com\/ocs2023\/wp-json\/wp\/v2\/posts\/439\/revisions"}],"predecessor-version":[{"id":441,"href":"https:\/\/welcomespanishrevolution.com\/ocs2023\/wp-json\/wp\/v2\/posts\/439\/revisions\/441"}],"wp:featuredmedia":[{"embeddable":true,"href":"https:\/\/welcomespanishrevolution.com\/ocs2023\/wp-json\/wp\/v2\/media\/440"}],"wp:attachment":[{"href":"https:\/\/welcomespanishrevolution.com\/ocs2023\/wp-json\/wp\/v2\/media?parent=439"}],"wp:term":[{"taxonomy":"category","embeddable":true,"href":"https:\/\/welcomespanishrevolution.com\/ocs2023\/wp-json\/wp\/v2\/categories?post=439"},{"taxonomy":"post_tag","embeddable":true,"href":"https:\/\/welcomespanishrevolution.com\/ocs2023\/wp-json\/wp\/v2\/tags?post=439"}],"curies":[{"name":"wp","href":"https:\/\/api.w.org\/{rel}","templated":true}]}}