{"id":435,"date":"2023-09-02T11:28:57","date_gmt":"2023-09-02T11:28:57","guid":{"rendered":"https:\/\/welcomespanishrevolution.com\/ocs2023\/?p=435"},"modified":"2023-09-02T11:28:57","modified_gmt":"2023-09-02T11:28:57","slug":"jorge-riechmann","status":"publish","type":"post","link":"https:\/\/welcomespanishrevolution.com\/ocs2023\/jorge-riechmann\/","title":{"rendered":"Jorge Riechmann"},"content":{"rendered":"<h3><a href=\"https:\/\/twitter.com\/jorgeriechmann?lang=en\"><b>Jorge Riechmann<\/b><\/a><b> (Doctor en Filosof\u00eda, ensayista y poeta)<\/b><\/h3>\n<p><span style=\"font-weight: 400;\">Jorge Riechmann (profesor titular de filosof\u00eda moral en la UAM) es fil\u00f3sofo, poeta y ensayista. Dirigi\u00f3 el Observatorio de la Sostenibilidad en Espa\u00f1a en su fase de constituci\u00f3n (2004-2005), y trat\u00f3 de desarrollar algo as\u00ed como un ecologismo obrero desde la Fundaci\u00f3n 1\u00ba de Mayo y el Instituto de Trabajo, Ambiente y Salud (ISTAS) entre 1996 y 2008. Entre 2013 y 2020 coordin\u00f3 el Grupo de Investigaci\u00f3n Transdisciplinar sobre Transiciones Socioecol\u00f3gicas (GinTRANS<\/span><span style=\"font-weight: 400;\">2<\/span><span style=\"font-weight: 400;\">). Desde diciembre de 2021, miembro del Grupo de Investigaci\u00f3n en Humanidades Ecol\u00f3gicas (GHECO, coordinado por Carmen Madorr\u00e1n Ayerra). <\/span><span style=\"font-weight: 400;\">Director (junto con Jose Albelda de la UPV) del M\u00e1ster interuniversitario en Humanidades Ecol\u00f3gicas, Sustentabilidad y Transici\u00f3n Ecosocial (MHESTE). <\/span><span style=\"font-weight: 400;\">Dos extensos tramos de su poes\u00eda est\u00e1n reunidos en Futuralgia (poes\u00eda 1979 a 2000, Calambur 2011) y Entreser (poes\u00eda 1993 a 2007, Monte \u00c1vila 2013). Es autor de varias decenas de ensayos sobre cuestiones de ecolog\u00eda pol\u00edtica y pensamiento ecol\u00f3gico, entre los que destaca su \u201cpentalog\u00eda de la autocontenci\u00f3n\u201d (que componen los vol\u00famenes Un mundo vulnerable, Biom\u00edmesis, Gente que no quiere viajar a Marte, La habitaci\u00f3n de Pascal y Todos los animales somos hermanos.<\/span><\/p>\n","protected":false},"excerpt":{"rendered":"<p>Jorge Riechmann (Doctor en Filosof\u00eda, ensayista y poeta) Jorge Riechmann (profesor titular de filosof\u00eda moral en la UAM) es fil\u00f3sofo, poeta y ensayista. Dirigi\u00f3 el Observatorio de la Sostenibilidad en&#8230;<\/p>\n","protected":false},"author":2,"featured_media":436,"comment_status":"closed","ping_status":"closed","sticky":false,"template":"","format":"standard","meta":{"footnotes":""},"categories":[24],"tags":[],"class_list":{"0":"post-435","1":"post","2":"type-post","3":"status-publish","4":"format-standard","5":"has-post-thumbnail","7":"category-invitadas-madrid"},"_links":{"self":[{"href":"https:\/\/welcomespanishrevolution.com\/ocs2023\/wp-json\/wp\/v2\/posts\/435","targetHints":{"allow":["GET"]}}],"collection":[{"href":"https:\/\/welcomespanishrevolution.com\/ocs2023\/wp-json\/wp\/v2\/posts"}],"about":[{"href":"https:\/\/welcomespanishrevolution.com\/ocs2023\/wp-json\/wp\/v2\/types\/post"}],"author":[{"embeddable":true,"href":"https:\/\/welcomespanishrevolution.com\/ocs2023\/wp-json\/wp\/v2\/users\/2"}],"replies":[{"embeddable":true,"href":"https:\/\/welcomespanishrevolution.com\/ocs2023\/wp-json\/wp\/v2\/comments?post=435"}],"version-history":[{"count":1,"href":"https:\/\/welcomespanishrevolution.com\/ocs2023\/wp-json\/wp\/v2\/posts\/435\/revisions"}],"predecessor-version":[{"id":437,"href":"https:\/\/welcomespanishrevolution.com\/ocs2023\/wp-json\/wp\/v2\/posts\/435\/revisions\/437"}],"wp:featuredmedia":[{"embeddable":true,"href":"https:\/\/welcomespanishrevolution.com\/ocs2023\/wp-json\/wp\/v2\/media\/436"}],"wp:attachment":[{"href":"https:\/\/welcomespanishrevolution.com\/ocs2023\/wp-json\/wp\/v2\/media?parent=435"}],"wp:term":[{"taxonomy":"category","embeddable":true,"href":"https:\/\/welcomespanishrevolution.com\/ocs2023\/wp-json\/wp\/v2\/categories?post=435"},{"taxonomy":"post_tag","embeddable":true,"href":"https:\/\/welcomespanishrevolution.com\/ocs2023\/wp-json\/wp\/v2\/tags?post=435"}],"curies":[{"name":"wp","href":"https:\/\/api.w.org\/{rel}","templated":true}]}}