{"id":429,"date":"2023-09-02T11:25:41","date_gmt":"2023-09-02T11:25:41","guid":{"rendered":"https:\/\/welcomespanishrevolution.com\/ocs2023\/?p=429"},"modified":"2023-09-02T11:25:41","modified_gmt":"2023-09-02T11:25:41","slug":"victor-sampedro","status":"publish","type":"post","link":"https:\/\/welcomespanishrevolution.com\/ocs2023\/victor-sampedro\/","title":{"rendered":"V\u00edctor Sampedro"},"content":{"rendered":"<h3><a href=\"https:\/\/victorsampedro.com\/\"><b>V\u00edctor Sampedro <\/b><\/a><b>(Doctor en ciencias de la informaci\u00f3n)<\/b><\/h3>\n<p><span style=\"font-weight: 400;\">Doctor en Ciencias de la Informaci\u00f3n por la UCM (1995). Master en Ciencias Sociales Avanzadas del Instituto Juan March, Madrid (1993). Master of Arts en Mass Communication, en la Northwestern Universit (1994). Catedr\u00e1tico de Opini\u00f3n P\u00fablica y Comunicaci\u00f3n Pol\u00edtica (URJC, Madrid) y Profesor-Investigador Invitado de Comunicaci\u00f3 i Politica (UPF, Barcelona). Ha sido tambi\u00e9n profesor invitado, entre otros posgrados, en la UFF (R\u00edo de Janeiro), UFBA (Salvador, Brasil), UPF y UAB (Barcelona), Univ. Iberoamericana (M\u00e9xico), UCM y UAM (Madrid), PUC (Sao Paulo, Brasil)\u2026 Coordinador habitual de los Grupos de Trabajo de Comunicaci\u00f3n Pol\u00edtica en los Congresos de la Asociaci\u00f3n Espa\u00f1ola de Ciencia Pol\u00edtica y socio fundador de ACOP (Asociaci\u00f3n de Comunicaci\u00f3n Pol\u00edtica).<\/span><\/p>\n<p><span style=\"font-weight: 400;\">Miembro, entre otros, de los Consejos Editoriales de Political Communication, International Journal of Press and Politics y del Centro de Investigaciones Sociol\u00f3gicas. Ha escrito m\u00e1s de diez libros sobre campa\u00f1as y elecciones, nuevas tecnolog\u00edas-comunicaci\u00f3n, movilizaci\u00f3n social y electoral, identidades colectivas y medios, nuevos g\u00e9neros de informaci\u00f3n pol\u00edtica\u2026 Y numerosos art\u00edculos en revistas como Journal of Communication, Media, Cuture &amp; Society; International Journal of Press and Politics; TELOS, ZER.<\/span><\/p>\n<p><span style=\"font-weight: 400;\">Adem\u00e1s de su labor acad\u00e9mica, colabora con proyectos sociales de intervenci\u00f3n y empoderamiento comunicativos.<\/span><\/p>\n","protected":false},"excerpt":{"rendered":"<p>V\u00edctor Sampedro (Doctor en ciencias de la informaci\u00f3n) Doctor en Ciencias de la Informaci\u00f3n por la UCM (1995). Master en Ciencias Sociales Avanzadas del Instituto Juan March, Madrid (1993). Master&#8230;<\/p>\n","protected":false},"author":2,"featured_media":430,"comment_status":"closed","ping_status":"closed","sticky":false,"template":"","format":"standard","meta":{"footnotes":""},"categories":[24],"tags":[],"class_list":{"0":"post-429","1":"post","2":"type-post","3":"status-publish","4":"format-standard","5":"has-post-thumbnail","7":"category-invitadas-madrid"},"_links":{"self":[{"href":"https:\/\/welcomespanishrevolution.com\/ocs2023\/wp-json\/wp\/v2\/posts\/429","targetHints":{"allow":["GET"]}}],"collection":[{"href":"https:\/\/welcomespanishrevolution.com\/ocs2023\/wp-json\/wp\/v2\/posts"}],"about":[{"href":"https:\/\/welcomespanishrevolution.com\/ocs2023\/wp-json\/wp\/v2\/types\/post"}],"author":[{"embeddable":true,"href":"https:\/\/welcomespanishrevolution.com\/ocs2023\/wp-json\/wp\/v2\/users\/2"}],"replies":[{"embeddable":true,"href":"https:\/\/welcomespanishrevolution.com\/ocs2023\/wp-json\/wp\/v2\/comments?post=429"}],"version-history":[{"count":1,"href":"https:\/\/welcomespanishrevolution.com\/ocs2023\/wp-json\/wp\/v2\/posts\/429\/revisions"}],"predecessor-version":[{"id":431,"href":"https:\/\/welcomespanishrevolution.com\/ocs2023\/wp-json\/wp\/v2\/posts\/429\/revisions\/431"}],"wp:featuredmedia":[{"embeddable":true,"href":"https:\/\/welcomespanishrevolution.com\/ocs2023\/wp-json\/wp\/v2\/media\/430"}],"wp:attachment":[{"href":"https:\/\/welcomespanishrevolution.com\/ocs2023\/wp-json\/wp\/v2\/media?parent=429"}],"wp:term":[{"taxonomy":"category","embeddable":true,"href":"https:\/\/welcomespanishrevolution.com\/ocs2023\/wp-json\/wp\/v2\/categories?post=429"},{"taxonomy":"post_tag","embeddable":true,"href":"https:\/\/welcomespanishrevolution.com\/ocs2023\/wp-json\/wp\/v2\/tags?post=429"}],"curies":[{"name":"wp","href":"https:\/\/api.w.org\/{rel}","templated":true}]}}