{"id":423,"date":"2023-09-02T11:23:51","date_gmt":"2023-09-02T11:23:51","guid":{"rendered":"https:\/\/welcomespanishrevolution.com\/ocs2023\/?p=423"},"modified":"2023-09-02T11:23:51","modified_gmt":"2023-09-02T11:23:51","slug":"guillem-martinez","status":"publish","type":"post","link":"https:\/\/welcomespanishrevolution.com\/ocs2023\/guillem-martinez\/","title":{"rendered":"Guillem Mart\u00ednez"},"content":{"rendered":"<p><a href=\"https:\/\/ctxt.es\/user\/profile\/gmartinez\"><span style=\"font-weight: 400;\">Guillem Mart\u00ednez <\/span><\/a><span style=\"font-weight: 400;\">ha ejercido el periodismo en <\/span><i><span style=\"font-weight: 400;\">Intervi\u00fa, El Pa\u00eds<\/span><\/i><span style=\"font-weight: 400;\"> y, desde 2015, en la revista digital <\/span><i><span style=\"font-weight: 400;\">CTXT,<\/span><\/i><span style=\"font-weight: 400;\"> y fue guionista del programa <\/span><i><span style=\"font-weight: 400;\">Pol\u00f2nia<\/span><\/i><span style=\"font-weight: 400;\"> de TV3. Es autor de los libros <\/span><i><span style=\"font-weight: 400;\">Grandes hits<\/span><\/i><span style=\"font-weight: 400;\"> (1999), <\/span><i><span style=\"font-weight: 400;\">P\u00e1salo<\/span><\/i><span style=\"font-weight: 400;\"> (2004), <\/span><i><span style=\"font-weight: 400;\">La canci\u00f3n del verano<\/span><\/i><span style=\"font-weight: 400;\"> (2007), <\/span><i><span style=\"font-weight: 400;\">Barcelona rebelde<\/span><\/i><span style=\"font-weight: 400;\"> (2009), <\/span><i><span style=\"font-weight: 400;\">La gran ilusi\u00f3n<\/span><\/i><span style=\"font-weight: 400;\"> (2016), <\/span><i><span style=\"font-weight: 400;\">57 d\u00edas en Piol\u00edn<\/span><\/i><span style=\"font-weight: 400;\"> (2018) y <\/span><i><span style=\"font-weight: 400;\">Caja de brujas<\/span><\/i><span style=\"font-weight: 400;\"> (2019), y coordinador de los vol\u00famenes <\/span><i><span style=\"font-weight: 400;\">Almanaque. Franquismo pop<\/span><\/i><span style=\"font-weight: 400;\"> (2001) y <\/span><i><span style=\"font-weight: 400;\">CT o la Cultura de la Transici\u00f3n<\/span><\/i><span style=\"font-weight: 400;\"> (2012).<\/span><\/p>\n","protected":false},"excerpt":{"rendered":"<p>Guillem Mart\u00ednez ha ejercido el periodismo en Intervi\u00fa, El Pa\u00eds y, desde 2015, en la revista digital CTXT, y fue guionista del programa Pol\u00f2nia de TV3. Es autor de los&#8230;<\/p>\n","protected":false},"author":2,"featured_media":424,"comment_status":"closed","ping_status":"closed","sticky":false,"template":"","format":"standard","meta":{"footnotes":""},"categories":[24],"tags":[],"class_list":{"0":"post-423","1":"post","2":"type-post","3":"status-publish","4":"format-standard","5":"has-post-thumbnail","7":"category-invitadas-madrid"},"_links":{"self":[{"href":"https:\/\/welcomespanishrevolution.com\/ocs2023\/wp-json\/wp\/v2\/posts\/423","targetHints":{"allow":["GET"]}}],"collection":[{"href":"https:\/\/welcomespanishrevolution.com\/ocs2023\/wp-json\/wp\/v2\/posts"}],"about":[{"href":"https:\/\/welcomespanishrevolution.com\/ocs2023\/wp-json\/wp\/v2\/types\/post"}],"author":[{"embeddable":true,"href":"https:\/\/welcomespanishrevolution.com\/ocs2023\/wp-json\/wp\/v2\/users\/2"}],"replies":[{"embeddable":true,"href":"https:\/\/welcomespanishrevolution.com\/ocs2023\/wp-json\/wp\/v2\/comments?post=423"}],"version-history":[{"count":1,"href":"https:\/\/welcomespanishrevolution.com\/ocs2023\/wp-json\/wp\/v2\/posts\/423\/revisions"}],"predecessor-version":[{"id":425,"href":"https:\/\/welcomespanishrevolution.com\/ocs2023\/wp-json\/wp\/v2\/posts\/423\/revisions\/425"}],"wp:featuredmedia":[{"embeddable":true,"href":"https:\/\/welcomespanishrevolution.com\/ocs2023\/wp-json\/wp\/v2\/media\/424"}],"wp:attachment":[{"href":"https:\/\/welcomespanishrevolution.com\/ocs2023\/wp-json\/wp\/v2\/media?parent=423"}],"wp:term":[{"taxonomy":"category","embeddable":true,"href":"https:\/\/welcomespanishrevolution.com\/ocs2023\/wp-json\/wp\/v2\/categories?post=423"},{"taxonomy":"post_tag","embeddable":true,"href":"https:\/\/welcomespanishrevolution.com\/ocs2023\/wp-json\/wp\/v2\/tags?post=423"}],"curies":[{"name":"wp","href":"https:\/\/api.w.org\/{rel}","templated":true}]}}