{"id":420,"date":"2023-09-02T11:23:15","date_gmt":"2023-09-02T11:23:15","guid":{"rendered":"https:\/\/welcomespanishrevolution.com\/ocs2023\/?p=420"},"modified":"2023-09-02T11:23:20","modified_gmt":"2023-09-02T11:23:20","slug":"la-digitalizadora-de-la-memoria-colectiva-oscar-clemente","status":"publish","type":"post","link":"https:\/\/welcomespanishrevolution.com\/ocs2023\/la-digitalizadora-de-la-memoria-colectiva-oscar-clemente\/","title":{"rendered":"La Digitalizadora de la Memoria Colectiva. Oscar Clemente.\u00a0"},"content":{"rendered":"<h3><a href=\"https:\/\/ladigitalizadora.org\/\"><b>La Digitalizadora de la Memoria Colectiva.<\/b><\/a> <a href=\"https:\/\/twitter.com\/espiguemos\/\"><b>Oscar Clemente.<\/b><\/a><b>\u00a0<\/b><\/h3>\n<p><span style=\"font-weight: 400;\">Es una plataforma ciudadana compuesta por profesionales del audiovisual, de los archivos y de la inform\u00e1tica. Acompa\u00f1an a colectivos y particulares en la tarea de preservar su memoria audiovisual registrada en formatos anal\u00f3gicos. Es un colectivo sin \u00e1nimo de lucro que quiere contribuir de forma participativa a conservar la memoria audiovisual de los movimientos sociales y reconocer la Memoria Colectiva como parte de una perspectiva plural de la Historia.\u00a0<\/span><\/p>\n<p><span style=\"font-weight: 400;\">A partir de los a\u00f1os 70 del siglo pasado la memoria audiovisual dej\u00f3 de ser un privilegio de la \u00e9lite. La proliferaci\u00f3n de formatos de cine y v\u00eddeo dom\u00e9sticos permite que colectivos sociales y ciudadanos puedan documentar el mundo que les rodea. Sus grabaciones ofrecen una mirada particular sobre el \u00faltimo tercio del Siglo XX. Hoy, esas miles de horas de grabaciones corren riesgo de desaparici\u00f3n, debido a la caducidad de los soportes y la obsolescencia de los formatos en que fueron registradas. La Digitalizadora de la Memoria Colectiva se ha propuesto contribuir al reto de su conservaci\u00f3n y difusi\u00f3n mediante la acci\u00f3n colectiva.<\/span><\/p>\n","protected":false},"excerpt":{"rendered":"<p>La Digitalizadora de la Memoria Colectiva. Oscar Clemente.\u00a0 Es una plataforma ciudadana compuesta por profesionales del audiovisual, de los archivos y de la inform\u00e1tica. Acompa\u00f1an a colectivos y particulares en&#8230;<\/p>\n","protected":false},"author":2,"featured_media":421,"comment_status":"closed","ping_status":"closed","sticky":false,"template":"","format":"standard","meta":{"footnotes":""},"categories":[24],"tags":[],"class_list":{"0":"post-420","1":"post","2":"type-post","3":"status-publish","4":"format-standard","5":"has-post-thumbnail","7":"category-invitadas-madrid"},"_links":{"self":[{"href":"https:\/\/welcomespanishrevolution.com\/ocs2023\/wp-json\/wp\/v2\/posts\/420","targetHints":{"allow":["GET"]}}],"collection":[{"href":"https:\/\/welcomespanishrevolution.com\/ocs2023\/wp-json\/wp\/v2\/posts"}],"about":[{"href":"https:\/\/welcomespanishrevolution.com\/ocs2023\/wp-json\/wp\/v2\/types\/post"}],"author":[{"embeddable":true,"href":"https:\/\/welcomespanishrevolution.com\/ocs2023\/wp-json\/wp\/v2\/users\/2"}],"replies":[{"embeddable":true,"href":"https:\/\/welcomespanishrevolution.com\/ocs2023\/wp-json\/wp\/v2\/comments?post=420"}],"version-history":[{"count":1,"href":"https:\/\/welcomespanishrevolution.com\/ocs2023\/wp-json\/wp\/v2\/posts\/420\/revisions"}],"predecessor-version":[{"id":422,"href":"https:\/\/welcomespanishrevolution.com\/ocs2023\/wp-json\/wp\/v2\/posts\/420\/revisions\/422"}],"wp:featuredmedia":[{"embeddable":true,"href":"https:\/\/welcomespanishrevolution.com\/ocs2023\/wp-json\/wp\/v2\/media\/421"}],"wp:attachment":[{"href":"https:\/\/welcomespanishrevolution.com\/ocs2023\/wp-json\/wp\/v2\/media?parent=420"}],"wp:term":[{"taxonomy":"category","embeddable":true,"href":"https:\/\/welcomespanishrevolution.com\/ocs2023\/wp-json\/wp\/v2\/categories?post=420"},{"taxonomy":"post_tag","embeddable":true,"href":"https:\/\/welcomespanishrevolution.com\/ocs2023\/wp-json\/wp\/v2\/tags?post=420"}],"curies":[{"name":"wp","href":"https:\/\/api.w.org\/{rel}","templated":true}]}}