{"id":417,"date":"2023-09-02T11:20:18","date_gmt":"2023-09-02T11:20:18","guid":{"rendered":"https:\/\/welcomespanishrevolution.com\/ocs2023\/?p=417"},"modified":"2023-09-02T11:20:18","modified_gmt":"2023-09-02T11:20:18","slug":"conciencia-afro","status":"publish","type":"post","link":"https:\/\/welcomespanishrevolution.com\/ocs2023\/conciencia-afro\/","title":{"rendered":"Conciencia Afro"},"content":{"rendered":"<p><a href=\"https:\/\/constelaciondeloscomunes.org\/en\/conciencia-afro-2\/\"><span style=\"font-weight: 400;\">\u201cConciencia-Afro<\/span><\/a><span style=\"font-weight: 400;\"> es una propuesta art\u00edstica, cultural y pol\u00edtica centrada en la defensa de los derechos colectivos de las personas africanas y afrodescendiente que viven en Espa\u00f1a. El grupo Conciencia-Afro se ubica en esta triple necesidad de denuncia del sistema capitalista- colonial, reconocimiento de una identidad Afro contextualizada en Espa\u00f1a y elaboraci\u00f3n y comunicaci\u00f3n de conocimientos ancestrales, conceptos, formas de pensamiento y de creaci\u00f3n propios con los que contribuir al desarrollo de un modelo de sociedad heterog\u00e9nea y equitativa en t\u00e9rminos de justicia racial. La organizaci\u00f3n lleva m\u00e1s de 6 a\u00f1os trabajando en el \u00e1mbito de la creaci\u00f3n art\u00edstica, el dise\u00f1o de proyectos culturales y en el impulso de procesos comunitarios.<\/span><\/p>\n","protected":false},"excerpt":{"rendered":"<p>\u201cConciencia-Afro es una propuesta art\u00edstica, cultural y pol\u00edtica centrada en la defensa de los derechos colectivos de las personas africanas y afrodescendiente que viven en Espa\u00f1a. El grupo Conciencia-Afro se&#8230;<\/p>\n","protected":false},"author":2,"featured_media":418,"comment_status":"closed","ping_status":"closed","sticky":false,"template":"","format":"standard","meta":{"footnotes":""},"categories":[24],"tags":[],"class_list":{"0":"post-417","1":"post","2":"type-post","3":"status-publish","4":"format-standard","5":"has-post-thumbnail","7":"category-invitadas-madrid"},"_links":{"self":[{"href":"https:\/\/welcomespanishrevolution.com\/ocs2023\/wp-json\/wp\/v2\/posts\/417","targetHints":{"allow":["GET"]}}],"collection":[{"href":"https:\/\/welcomespanishrevolution.com\/ocs2023\/wp-json\/wp\/v2\/posts"}],"about":[{"href":"https:\/\/welcomespanishrevolution.com\/ocs2023\/wp-json\/wp\/v2\/types\/post"}],"author":[{"embeddable":true,"href":"https:\/\/welcomespanishrevolution.com\/ocs2023\/wp-json\/wp\/v2\/users\/2"}],"replies":[{"embeddable":true,"href":"https:\/\/welcomespanishrevolution.com\/ocs2023\/wp-json\/wp\/v2\/comments?post=417"}],"version-history":[{"count":1,"href":"https:\/\/welcomespanishrevolution.com\/ocs2023\/wp-json\/wp\/v2\/posts\/417\/revisions"}],"predecessor-version":[{"id":419,"href":"https:\/\/welcomespanishrevolution.com\/ocs2023\/wp-json\/wp\/v2\/posts\/417\/revisions\/419"}],"wp:featuredmedia":[{"embeddable":true,"href":"https:\/\/welcomespanishrevolution.com\/ocs2023\/wp-json\/wp\/v2\/media\/418"}],"wp:attachment":[{"href":"https:\/\/welcomespanishrevolution.com\/ocs2023\/wp-json\/wp\/v2\/media?parent=417"}],"wp:term":[{"taxonomy":"category","embeddable":true,"href":"https:\/\/welcomespanishrevolution.com\/ocs2023\/wp-json\/wp\/v2\/categories?post=417"},{"taxonomy":"post_tag","embeddable":true,"href":"https:\/\/welcomespanishrevolution.com\/ocs2023\/wp-json\/wp\/v2\/tags?post=417"}],"curies":[{"name":"wp","href":"https:\/\/api.w.org\/{rel}","templated":true}]}}