{"id":411,"date":"2023-09-02T11:18:40","date_gmt":"2023-09-02T11:18:40","guid":{"rendered":"https:\/\/welcomespanishrevolution.com\/ocs2023\/?p=411"},"modified":"2023-09-02T11:18:40","modified_gmt":"2023-09-02T11:18:40","slug":"belen-gopegui","status":"publish","type":"post","link":"https:\/\/welcomespanishrevolution.com\/ocs2023\/belen-gopegui\/","title":{"rendered":"Bel\u00e9n Gopegui"},"content":{"rendered":"<h3><b>Bel\u00e9n Gopegui (Doctora en Humanidades y escritora)<\/b><\/h3>\n<p><span style=\"font-weight: 400;\">Bel\u00e9n Gopegui es novelista y guionista de cine. Se licenci\u00f3 en Derecho por la Universidad Aut\u00f3noma de Madrid y trabaj\u00f3 como periodista, dedic\u00e1ndose a rese\u00f1ar obras de otros autores, as\u00ed como a realizar entrevistas para diversos medios y publicaciones, como es el caso del suplemento de libros de <\/span><i><span style=\"font-weight: 400;\">El Sol<\/span><\/i><span style=\"font-weight: 400;\">. Fue, tambi\u00e9n, finalista de cert\u00e1menes como el R\u00f3mulo Gallegos o el Jos\u00e9 Manuel Lara de Novela.<\/span><\/p>\n<p><span style=\"font-weight: 400;\">Su primera novela, <\/span><i><span style=\"font-weight: 400;\">La escala de los mapas <\/span><\/i><span style=\"font-weight: 400;\">(1993), le llev\u00f3 a ganar dos premios, el Premio Tigre Juan 1993 y el Premio Iberoamericano de Primeras Novelas \u00abSantiago del Nuevo Extremo\u00bb. En el a\u00f1o 2000 otra de sus novelas, <\/span><i><span style=\"font-weight: 400;\">La conquista del aire<\/span><\/i><span style=\"font-weight: 400;\"> (1998), fue adaptada al cine con gui\u00f3n de la exministra de cultura \u00c1ngeles Gonz\u00e1lez Sinde y de la propia Gopegui. En su faceta de guionista pueden destacar pel\u00edculas como <\/span><i><span style=\"font-weight: 400;\">El principio de Arqu\u00edmedes<\/span><\/i><span style=\"font-weight: 400;\"> (2004) o <\/span><i><span style=\"font-weight: 400;\">La suerte dormida <\/span><\/i><span style=\"font-weight: 400;\">(2003). En 2005 se estren\u00f3 su obra teatral <\/span><i><span style=\"font-weight: 400;\">Coloquio en el libro coral Cuba 2005<\/span><\/i><span style=\"font-weight: 400;\">, en defensa de la Revoluci\u00f3n Cubana. No obstante, estas ocupaciones no le impidieron publicar sus siguientes novelas, <\/span><i><span style=\"font-weight: 400;\">El lado fr\u00edo de la almohada<\/span><\/i><span style=\"font-weight: 400;\"> (2003) y <\/span><i><span style=\"font-weight: 400;\">Deseo de ser punk<\/span><\/i><span style=\"font-weight: 400;\"> (2009). Esta \u00faltima fue galardonada con el VII Premio de Narrativa Espa\u00f1ola Dulce Chac\u00f3n otorgado por el Ayuntamiento de Zafra. Adem\u00e1s, tambi\u00e9n ha escrito una antolog\u00eda de ensayos <\/span><i><span style=\"font-weight: 400;\">Rompiendo algo<\/span><\/i><span style=\"font-weight: 400;\"> (2014). Ese mismo a\u00f1o public\u00f3 la novela <\/span><i><span style=\"font-weight: 400;\">El comit\u00e9 de la noche<\/span><\/i><span style=\"font-weight: 400;\"> (2014). En 2015 public\u00f3 <\/span><i><span style=\"font-weight: 400;\">El padre de Blancanieves. <\/span><\/i><span style=\"font-weight: 400;\">Un a\u00f1o m\u00e1s tarde (2016) public\u00f3 <\/span><i><span style=\"font-weight: 400;\">Qu\u00e9date este d\u00eda y esta noche conmigo <\/span><\/i><span style=\"font-weight: 400;\">y <\/span><i><span style=\"font-weight: 400;\">Fuera de la Burbuja<\/span><\/i><span style=\"font-weight: 400;\">. En 2018 <\/span><i><span style=\"font-weight: 400;\">El comit\u00e9 de la noche <\/span><\/i><span style=\"font-weight: 400;\">y <\/span><i><span style=\"font-weight: 400;\">La escala de los mapas (edici\u00f3n especial 25\u00ba aniversario). Ella pis\u00f3 la Luna <\/span><\/i><span style=\"font-weight: 400;\">y <\/span><i><span style=\"font-weight: 400;\">Rompiendo algo <\/span><\/i><span style=\"font-weight: 400;\">fueron publicados en 2019. Dos a\u00f1os m\u00e1s tarde public\u00f3 <\/span><i><span style=\"font-weight: 400;\">Las nubesfuria <\/span><\/i><span style=\"font-weight: 400;\">y<\/span><i><span style=\"font-weight: 400;\"> Existiriamos el mar. <\/span><\/i><span style=\"font-weight: 400;\">Finalmente, en 2023 public\u00f3 <\/span><i><span style=\"font-weight: 400;\">El murmullo. <\/span><\/i><\/p>\n","protected":false},"excerpt":{"rendered":"<p>Bel\u00e9n Gopegui (Doctora en Humanidades y escritora) Bel\u00e9n Gopegui es novelista y guionista de cine. Se licenci\u00f3 en Derecho por la Universidad Aut\u00f3noma de Madrid y trabaj\u00f3 como periodista, dedic\u00e1ndose&#8230;<\/p>\n","protected":false},"author":2,"featured_media":412,"comment_status":"closed","ping_status":"closed","sticky":false,"template":"","format":"standard","meta":{"footnotes":""},"categories":[24],"tags":[],"class_list":{"0":"post-411","1":"post","2":"type-post","3":"status-publish","4":"format-standard","5":"has-post-thumbnail","7":"category-invitadas-madrid"},"_links":{"self":[{"href":"https:\/\/welcomespanishrevolution.com\/ocs2023\/wp-json\/wp\/v2\/posts\/411","targetHints":{"allow":["GET"]}}],"collection":[{"href":"https:\/\/welcomespanishrevolution.com\/ocs2023\/wp-json\/wp\/v2\/posts"}],"about":[{"href":"https:\/\/welcomespanishrevolution.com\/ocs2023\/wp-json\/wp\/v2\/types\/post"}],"author":[{"embeddable":true,"href":"https:\/\/welcomespanishrevolution.com\/ocs2023\/wp-json\/wp\/v2\/users\/2"}],"replies":[{"embeddable":true,"href":"https:\/\/welcomespanishrevolution.com\/ocs2023\/wp-json\/wp\/v2\/comments?post=411"}],"version-history":[{"count":1,"href":"https:\/\/welcomespanishrevolution.com\/ocs2023\/wp-json\/wp\/v2\/posts\/411\/revisions"}],"predecessor-version":[{"id":413,"href":"https:\/\/welcomespanishrevolution.com\/ocs2023\/wp-json\/wp\/v2\/posts\/411\/revisions\/413"}],"wp:featuredmedia":[{"embeddable":true,"href":"https:\/\/welcomespanishrevolution.com\/ocs2023\/wp-json\/wp\/v2\/media\/412"}],"wp:attachment":[{"href":"https:\/\/welcomespanishrevolution.com\/ocs2023\/wp-json\/wp\/v2\/media?parent=411"}],"wp:term":[{"taxonomy":"category","embeddable":true,"href":"https:\/\/welcomespanishrevolution.com\/ocs2023\/wp-json\/wp\/v2\/categories?post=411"},{"taxonomy":"post_tag","embeddable":true,"href":"https:\/\/welcomespanishrevolution.com\/ocs2023\/wp-json\/wp\/v2\/tags?post=411"}],"curies":[{"name":"wp","href":"https:\/\/api.w.org\/{rel}","templated":true}]}}