{"id":405,"date":"2023-09-02T11:17:05","date_gmt":"2023-09-02T11:17:05","guid":{"rendered":"https:\/\/welcomespanishrevolution.com\/ocs2023\/?p=405"},"modified":"2023-09-02T11:17:05","modified_gmt":"2023-09-02T11:17:05","slug":"paco-gomez-nadal","status":"publish","type":"post","link":"https:\/\/welcomespanishrevolution.com\/ocs2023\/paco-gomez-nadal\/","title":{"rendered":"Paco G\u00f3mez Nadal"},"content":{"rendered":"<h3><b>Paco G\u00f3mez Nadal (Ensayista y cofundador de <\/b><a href=\"https:\/\/constelaciondeloscomunes.org\/en\/la-voragine\/\"><b>La Vor\u00e1gine<\/b><\/a><b>)\u00a0<\/b><\/h3>\n<p><span style=\"font-weight: 400;\">Es periodista, ensayista y activista. Colabora pol\u00edticamente con procesos pol\u00edticos en Colombia y Espa\u00f1a y ha publicado, entre otros, los libros \u2018Indios, negros y otros indeseables\u2019, \u2018El porvenir nace en la herida\u2019 o \u2018La guerra no es un rel\u00e1mpago\u2019. Es parte del colectivo La Vor\u00e1gine (Santander, Cantabria) y coordina su proceso editorial. Tambi\u00e9n es miembro de Human Rights Everywhere (hrev.org) donde desarrollan las cartograf\u00edas de la desaparici\u00f3n forzada e impulsan procesos de resistencia y memoria. Coordina dos entidades sin \u00e1nimo de lucro que trabajan con personas mayores: UNATE, La Universidad Permanente, y la Fundaci\u00f3n Patronato Europeo de Mayores (PEM).<\/span><\/p>\n","protected":false},"excerpt":{"rendered":"<p>Paco G\u00f3mez Nadal (Ensayista y cofundador de La Vor\u00e1gine)\u00a0 Es periodista, ensayista y activista. Colabora pol\u00edticamente con procesos pol\u00edticos en Colombia y Espa\u00f1a y ha publicado, entre otros, los libros&#8230;<\/p>\n","protected":false},"author":2,"featured_media":406,"comment_status":"closed","ping_status":"closed","sticky":false,"template":"","format":"standard","meta":{"footnotes":""},"categories":[24],"tags":[],"class_list":{"0":"post-405","1":"post","2":"type-post","3":"status-publish","4":"format-standard","5":"has-post-thumbnail","7":"category-invitadas-madrid"},"_links":{"self":[{"href":"https:\/\/welcomespanishrevolution.com\/ocs2023\/wp-json\/wp\/v2\/posts\/405","targetHints":{"allow":["GET"]}}],"collection":[{"href":"https:\/\/welcomespanishrevolution.com\/ocs2023\/wp-json\/wp\/v2\/posts"}],"about":[{"href":"https:\/\/welcomespanishrevolution.com\/ocs2023\/wp-json\/wp\/v2\/types\/post"}],"author":[{"embeddable":true,"href":"https:\/\/welcomespanishrevolution.com\/ocs2023\/wp-json\/wp\/v2\/users\/2"}],"replies":[{"embeddable":true,"href":"https:\/\/welcomespanishrevolution.com\/ocs2023\/wp-json\/wp\/v2\/comments?post=405"}],"version-history":[{"count":1,"href":"https:\/\/welcomespanishrevolution.com\/ocs2023\/wp-json\/wp\/v2\/posts\/405\/revisions"}],"predecessor-version":[{"id":407,"href":"https:\/\/welcomespanishrevolution.com\/ocs2023\/wp-json\/wp\/v2\/posts\/405\/revisions\/407"}],"wp:featuredmedia":[{"embeddable":true,"href":"https:\/\/welcomespanishrevolution.com\/ocs2023\/wp-json\/wp\/v2\/media\/406"}],"wp:attachment":[{"href":"https:\/\/welcomespanishrevolution.com\/ocs2023\/wp-json\/wp\/v2\/media?parent=405"}],"wp:term":[{"taxonomy":"category","embeddable":true,"href":"https:\/\/welcomespanishrevolution.com\/ocs2023\/wp-json\/wp\/v2\/categories?post=405"},{"taxonomy":"post_tag","embeddable":true,"href":"https:\/\/welcomespanishrevolution.com\/ocs2023\/wp-json\/wp\/v2\/tags?post=405"}],"curies":[{"name":"wp","href":"https:\/\/api.w.org\/{rel}","templated":true}]}}