{"id":402,"date":"2023-09-02T11:16:03","date_gmt":"2023-09-02T11:16:03","guid":{"rendered":"https:\/\/welcomespanishrevolution.com\/ocs2023\/?p=402"},"modified":"2023-09-03T07:17:57","modified_gmt":"2023-09-03T07:17:57","slug":"isidro-jimenez","status":"publish","type":"post","link":"https:\/\/welcomespanishrevolution.com\/ocs2023\/isidro-jimenez\/","title":{"rendered":"Isidro Jim\u00e9nez"},"content":{"rendered":"<h3><b>Isidro Jim\u00e9nez <\/b><span style=\"font-weight: 400;\">(<\/span><a href=\"https:\/\/constelaciondeloscomunes.org\/en\/consume-hasta-morir\/\"><span style=\"font-weight: 400;\">Consume hasta morir<\/span><\/a><span style=\"font-weight: 400;\"> y <\/span><a href=\"http:\/\/www.ficcionclimatica.com\"><span style=\"font-weight: 400;\">Ficci\u00f3n Clim\u00e1tica<\/span><\/a><span style=\"font-weight: 400;\">).\u00a0<\/span><\/h3>\n<p><span style=\"font-weight: 400;\">Licenciado en Filosof\u00eda y doctor en Comunicaci\u00f3n Audiovisual, es profesor de creatividad y comunicaci\u00f3n en la Facultad de Ciencias de la Informaci\u00f3n de la Universidad Complutense de Madrid. Tambi\u00e9n es investigador sobre la comunicaci\u00f3n del cambio clim\u00e1tico en la University of Colorado Boulder donde forma parte del Media and Climate Change Observatory (MeCCO), un grupo internacional que analiza la cobertura del cambio clim\u00e1tico en medios de comunicaci\u00f3n de todo el mundo.<\/span><\/p>\n<p><span style=\"font-weight: 400;\">Fu\u00e9 uno de los fundadores del colectivo ConsumeHastaMorir, un laboratorio sobre el consumismo y la comunicaci\u00f3n creativa de los movimientos sociales que cumple ahora 20 a\u00f1os de existencia.<\/span><\/p>\n<p><span style=\"font-weight: 400;\">Actualmente Isidro trabaja en la anticipaci\u00f3n clim\u00e1tica, construyendo proyectos de ficci\u00f3n clim\u00e1tica que nos permitan enfrentarnos a uno de los principales retos de la humanidad, el cambio clim\u00e1tico.<\/span><\/p>\n","protected":false},"excerpt":{"rendered":"<p>Isidro Jim\u00e9nez (Consume hasta morir y Ficci\u00f3n Clim\u00e1tica).\u00a0 Licenciado en Filosof\u00eda y doctor en Comunicaci\u00f3n Audiovisual, es profesor de creatividad y comunicaci\u00f3n en la Facultad de Ciencias de la Informaci\u00f3n&#8230;<\/p>\n","protected":false},"author":2,"featured_media":403,"comment_status":"closed","ping_status":"closed","sticky":false,"template":"","format":"standard","meta":{"footnotes":""},"categories":[24],"tags":[],"class_list":{"0":"post-402","1":"post","2":"type-post","3":"status-publish","4":"format-standard","5":"has-post-thumbnail","7":"category-invitadas-madrid"},"_links":{"self":[{"href":"https:\/\/welcomespanishrevolution.com\/ocs2023\/wp-json\/wp\/v2\/posts\/402","targetHints":{"allow":["GET"]}}],"collection":[{"href":"https:\/\/welcomespanishrevolution.com\/ocs2023\/wp-json\/wp\/v2\/posts"}],"about":[{"href":"https:\/\/welcomespanishrevolution.com\/ocs2023\/wp-json\/wp\/v2\/types\/post"}],"author":[{"embeddable":true,"href":"https:\/\/welcomespanishrevolution.com\/ocs2023\/wp-json\/wp\/v2\/users\/2"}],"replies":[{"embeddable":true,"href":"https:\/\/welcomespanishrevolution.com\/ocs2023\/wp-json\/wp\/v2\/comments?post=402"}],"version-history":[{"count":2,"href":"https:\/\/welcomespanishrevolution.com\/ocs2023\/wp-json\/wp\/v2\/posts\/402\/revisions"}],"predecessor-version":[{"id":483,"href":"https:\/\/welcomespanishrevolution.com\/ocs2023\/wp-json\/wp\/v2\/posts\/402\/revisions\/483"}],"wp:featuredmedia":[{"embeddable":true,"href":"https:\/\/welcomespanishrevolution.com\/ocs2023\/wp-json\/wp\/v2\/media\/403"}],"wp:attachment":[{"href":"https:\/\/welcomespanishrevolution.com\/ocs2023\/wp-json\/wp\/v2\/media?parent=402"}],"wp:term":[{"taxonomy":"category","embeddable":true,"href":"https:\/\/welcomespanishrevolution.com\/ocs2023\/wp-json\/wp\/v2\/categories?post=402"},{"taxonomy":"post_tag","embeddable":true,"href":"https:\/\/welcomespanishrevolution.com\/ocs2023\/wp-json\/wp\/v2\/tags?post=402"}],"curies":[{"name":"wp","href":"https:\/\/api.w.org\/{rel}","templated":true}]}}