{"id":360,"date":"2023-09-02T09:33:03","date_gmt":"2023-09-02T09:33:03","guid":{"rendered":"https:\/\/welcomespanishrevolution.com\/ocs2023\/?p=360"},"modified":"2023-09-02T09:33:03","modified_gmt":"2023-09-02T09:33:03","slug":"francisco-diaz","status":"publish","type":"post","link":"https:\/\/welcomespanishrevolution.com\/ocs2023\/francisco-diaz\/","title":{"rendered":"Francisco Diaz"},"content":{"rendered":"<h3><b>Francisco D\u00edaz\u00a0 (Licenciado en arquitectura y fundador de <\/b><a href=\"https:\/\/autofabricantes.org\/\"><b>Autofabricantes<\/b><\/a><b>)<\/b><\/h3>\n<p><span style=\"font-weight: 400;\">Francisco D\u00edaz, Licenciado en Arquitectura, con un M\u00e1ster en Ciudad y Arquitectura Sostenible, es actualmente Doctorando en la BAU, un centro universitario de artes y dise\u00f1o ubicado en Barcelona y adscrito a la Universitat de Vic \u2013 Universitat Central de Catalunya. Su propuesta de tesis doctoral, tras dedicar cinco a\u00f1os a la investigaci\u00f3n en Medialab Prado, consiste en investigar las metodolog\u00edas de dise\u00f1o colaborativo para la creaci\u00f3n de elementos con impacto en la salud y calidad de vida de las personas con diversidad funcional. Con ello busca tambi\u00e9n mejorar la calidad de vida de los usuarios, explorar el estudio mec\u00e1nico de los modelos y dedicarse a la investigaci\u00f3n sobre el aprendizaje de los alumnos universitarios que colaboran en los procesos de dise\u00f1o.\u00a0<\/span><\/p>\n<p><span style=\"font-weight: 400;\">Desde el a\u00f1o 2015 coordina e investiga en el proyecto\u202f<\/span><a href=\"https:\/\/constelaciondeloscomunes.org\/autofabricantes-2\/\"><span style=\"font-weight: 400;\">Autofabricantes<\/span><\/a><span style=\"font-weight: 400;\">\u202fen Medialab-Prado (Madrid). En el mismo crean y dise\u00f1an, de manera colectiva, pr\u00f3tesis y otros productos de apoyo para ni\u00f1os. Dirige, al mismo tiempo, el nuevo laboratorio \u00abCuerpo, Salud y Autonom\u00eda\u00bb, cofinanciado por la Fundaci\u00f3n Daniel y Nina Carasso, en el que contin\u00faa y ampl\u00eda la trayectoria de investigaci\u00f3n en el cuerpo hacia \u00e1reas de la salud comunitaria, las artes esc\u00e9nicas y la diversidad funcional.<\/span><\/p>\n<p><span style=\"font-weight: 400;\">Durante su formaci\u00f3n descubri\u00f3 el FabLab de Sevilla, donde aprendi\u00f3 la importancia de las personas en red junto a unas tecnolog\u00edas avanzadas a su alcance. En la actualidad forma parte de La Residencia CC para canalizar proyectos y encuentros de impresi\u00f3n 3D, innovaci\u00f3n social, aprendizaje, cultura libre o hacking entre otras cosas. Con La Residencia CC participa en el proyecto de autofabricaci\u00f3n de pr\u00f3tesis en c\u00f3digo abierto Exando una Mano y tambi\u00e9n en la nueva formaci\u00f3n de \u201cLa Carpa Red Creativa\u201d.\u00a0<\/span><\/p>\n<p><i><span style=\"font-weight: 400;\">Compagina su labor docente y de investigaci\u00f3n en el \u00e1mbito del dise\u00f1o con proyectos de impacto social. Es Ashoka fellow y coordina la red Gekkolab, una extensi\u00f3n internacional de Autofabricantes con la que llegar a muchas m\u00e1s personas y contextos. Han trabajado en el proceso del posconflicto colombiano y desde hace dos a\u00f1os tienen una sede estable en M\u00e9xico.<\/span><\/i><\/p>\n","protected":false},"excerpt":{"rendered":"<p>Francisco D\u00edaz\u00a0 (Licenciado en arquitectura y fundador de Autofabricantes) Francisco D\u00edaz, Licenciado en Arquitectura, con un M\u00e1ster en Ciudad y Arquitectura Sostenible, es actualmente Doctorando en la BAU, un centro&#8230;<\/p>\n","protected":false},"author":2,"featured_media":0,"comment_status":"closed","ping_status":"closed","sticky":false,"template":"","format":"standard","meta":{"footnotes":""},"categories":[23],"tags":[],"class_list":{"0":"post-360","1":"post","2":"type-post","3":"status-publish","4":"format-standard","6":"category-invitadas-barcelona"},"_links":{"self":[{"href":"https:\/\/welcomespanishrevolution.com\/ocs2023\/wp-json\/wp\/v2\/posts\/360","targetHints":{"allow":["GET"]}}],"collection":[{"href":"https:\/\/welcomespanishrevolution.com\/ocs2023\/wp-json\/wp\/v2\/posts"}],"about":[{"href":"https:\/\/welcomespanishrevolution.com\/ocs2023\/wp-json\/wp\/v2\/types\/post"}],"author":[{"embeddable":true,"href":"https:\/\/welcomespanishrevolution.com\/ocs2023\/wp-json\/wp\/v2\/users\/2"}],"replies":[{"embeddable":true,"href":"https:\/\/welcomespanishrevolution.com\/ocs2023\/wp-json\/wp\/v2\/comments?post=360"}],"version-history":[{"count":1,"href":"https:\/\/welcomespanishrevolution.com\/ocs2023\/wp-json\/wp\/v2\/posts\/360\/revisions"}],"predecessor-version":[{"id":361,"href":"https:\/\/welcomespanishrevolution.com\/ocs2023\/wp-json\/wp\/v2\/posts\/360\/revisions\/361"}],"wp:attachment":[{"href":"https:\/\/welcomespanishrevolution.com\/ocs2023\/wp-json\/wp\/v2\/media?parent=360"}],"wp:term":[{"taxonomy":"category","embeddable":true,"href":"https:\/\/welcomespanishrevolution.com\/ocs2023\/wp-json\/wp\/v2\/categories?post=360"},{"taxonomy":"post_tag","embeddable":true,"href":"https:\/\/welcomespanishrevolution.com\/ocs2023\/wp-json\/wp\/v2\/tags?post=360"}],"curies":[{"name":"wp","href":"https:\/\/api.w.org\/{rel}","templated":true}]}}