{"id":341,"date":"2023-09-02T09:05:40","date_gmt":"2023-09-02T09:05:40","guid":{"rendered":"https:\/\/welcomespanishrevolution.com\/ocs2023\/?p=341"},"modified":"2023-09-02T09:48:11","modified_gmt":"2023-09-02T09:48:11","slug":"amaia-perez-orozco","status":"publish","type":"post","link":"https:\/\/welcomespanishrevolution.com\/ocs2023\/amaia-perez-orozco\/","title":{"rendered":"Amaia P\u00e9rez Orozco y Sira del R\u00edo Agud\u00edn\u00a0(XXK)"},"content":{"rendered":"<h3><b>Amaia P\u00e9rez Orozco\u00a0 (doctora en econom\u00eda y co-fundadora de <\/b><a href=\"https:\/\/constelaciondeloscomunes.org\/xxk-feminismos-pensamiento-y-accion\/\" target=\"_blank\" rel=\"noopener\"><b>XXK)<\/b><\/a><b>\u00a0y Sira del R\u00edo Agud\u00edn\u00a0<\/b><\/h3>\n<p><span style=\"font-weight: 400;\">Sira del R\u00edo es una jubilada explorando la vejez como nueva forma de vida. Amaia P\u00e9rez Orozco es una economista que habita la precariedad laboral. Las dos somos feministas, de distintas generaciones, cada una con nuestra peculiar trayectoria profesional, vital y militante. Nos encontramos hace m\u00e1s de veinte a\u00f1os y, desde entonces, hemos trabajado juntas en diversos espacios. Quiz\u00e1 el eje conductor de nuestra historia compartida haya sido tirar del hilo de qu\u00e9 significa eso de poner la vida en el centro, y c\u00f3mo cambian en consecuencia la forma de comprender el mundo, las apuestas pol\u00edticas y los propios procesos \u00edntimos.<\/span><\/p>\n<p><span style=\"font-weight: 400;\">A lo largo de este tiempo hemos ido escribiendo textos varios, las dos juntas y con otra gente, para poder compartir con otres nuestra mirada. Entre ellas: <\/span><a href=\"https:\/\/www.ecologistasenaccion.org\/13104\/la-economia-desde-el-feminismo-trabajos-y-cuidados\/\"><span style=\"font-weight: 400;\">\u201cLa econom\u00eda desde el feminismo: trabajos y cuidados\u201d<\/span><\/a><span style=\"font-weight: 400;\"> (<\/span><i><span style=\"font-weight: 400;\">Rescoldos<\/span><\/i><span style=\"font-weight: 400;\">, noviembre 2002), <\/span><a href=\"https:\/\/cgt.org.es\/wp-content\/uploads\/2007\/03\/MF_asa3Cuidados.pdf\"><span style=\"font-weight: 400;\">\u201cPrecariedad y cuidados\u201d<\/span><\/a><span style=\"font-weight: 400;\"> (<\/span><i><span style=\"font-weight: 400;\">Materiales de reflexi\u00f3n<\/span><\/i><span style=\"font-weight: 400;\">, n\u00fam. 7 CGT, 2003) y <\/span><a href=\"https:\/\/archivo.librepensamiento.org\/2006\/05\/24\/libre-pensamiento-no-51-en-pdf\/\"><span style=\"font-weight: 400;\">\u201cHacia un derecho universal de cuidadan\u00eda (s\u00ed, de cUIdadan\u00eda)\u201d<\/span><\/a><span style=\"font-weight: 400;\"> (<\/span><i><span style=\"font-weight: 400;\">Libre Pensamiento<\/span><\/i><span style=\"font-weight: 400;\">, n\u00fam. 51, 2006, con Carolina Junco). Sira escribi\u00f3 el pr\u00f3logo y la adenda \u201cGeometr\u00edas subversivas\u201d del libro de Amaia, <\/span><a href=\"https:\/\/traficantes.net\/libros\/subversi%C3%B3n-feminista-de-la-econom%C3%ADa\"><i><span style=\"font-weight: 400;\">Subversion feminista de la econom\u00eda. Aportes para un debate sobre el conflicto capital-vida<\/span><\/i><\/a> <span style=\"font-weight: 400;\">(Traficantes de Sue\u00f1os, 2014), recientemente traducido al ingl\u00e9s como <\/span><a href=\"https:\/\/www.commonnotions.org\/feminist-subversion-economy\"><i><span style=\"font-weight: 400;\">The feminist subversion of the economy<\/span><\/i><\/a><span style=\"font-weight: 400;\"> (Common Notions, 2022).\u00a0<\/span><\/p>\n<p><span style=\"font-weight: 400;\">Hoy d\u00eda, las dos somos parte de la asamblea de la <\/span><a href=\"https:\/\/colectivaxxk.net\/\"><span style=\"font-weight: 400;\">\u00abColectiva XXK. Feminismos, pensamiento y acci\u00f3n\u00bb<\/span><\/a><span style=\"font-weight: 400;\">, desde donde seguimos pregunt\u00e1ndonos por la sostenibilidad del buen convivir en un mundo colapsado.<\/span><\/p>\n","protected":false},"excerpt":{"rendered":"<p>Amaia P\u00e9rez Orozco\u00a0 (doctora en econom\u00eda y co-fundadora de XXK)\u00a0y Sira del R\u00edo Agud\u00edn\u00a0 Sira del R\u00edo es una jubilada explorando la vejez como nueva forma de vida. Amaia P\u00e9rez&#8230;<\/p>\n","protected":false},"author":2,"featured_media":347,"comment_status":"closed","ping_status":"closed","sticky":false,"template":"","format":"standard","meta":{"footnotes":""},"categories":[24],"tags":[],"class_list":{"0":"post-341","1":"post","2":"type-post","3":"status-publish","4":"format-standard","5":"has-post-thumbnail","7":"category-invitadas-madrid"},"_links":{"self":[{"href":"https:\/\/welcomespanishrevolution.com\/ocs2023\/wp-json\/wp\/v2\/posts\/341","targetHints":{"allow":["GET"]}}],"collection":[{"href":"https:\/\/welcomespanishrevolution.com\/ocs2023\/wp-json\/wp\/v2\/posts"}],"about":[{"href":"https:\/\/welcomespanishrevolution.com\/ocs2023\/wp-json\/wp\/v2\/types\/post"}],"author":[{"embeddable":true,"href":"https:\/\/welcomespanishrevolution.com\/ocs2023\/wp-json\/wp\/v2\/users\/2"}],"replies":[{"embeddable":true,"href":"https:\/\/welcomespanishrevolution.com\/ocs2023\/wp-json\/wp\/v2\/comments?post=341"}],"version-history":[{"count":2,"href":"https:\/\/welcomespanishrevolution.com\/ocs2023\/wp-json\/wp\/v2\/posts\/341\/revisions"}],"predecessor-version":[{"id":344,"href":"https:\/\/welcomespanishrevolution.com\/ocs2023\/wp-json\/wp\/v2\/posts\/341\/revisions\/344"}],"wp:featuredmedia":[{"embeddable":true,"href":"https:\/\/welcomespanishrevolution.com\/ocs2023\/wp-json\/wp\/v2\/media\/347"}],"wp:attachment":[{"href":"https:\/\/welcomespanishrevolution.com\/ocs2023\/wp-json\/wp\/v2\/media?parent=341"}],"wp:term":[{"taxonomy":"category","embeddable":true,"href":"https:\/\/welcomespanishrevolution.com\/ocs2023\/wp-json\/wp\/v2\/categories?post=341"},{"taxonomy":"post_tag","embeddable":true,"href":"https:\/\/welcomespanishrevolution.com\/ocs2023\/wp-json\/wp\/v2\/tags?post=341"}],"curies":[{"name":"wp","href":"https:\/\/api.w.org\/{rel}","templated":true}]}}