{"id":328,"date":"2023-09-02T08:51:58","date_gmt":"2023-09-02T08:51:58","guid":{"rendered":"https:\/\/welcomespanishrevolution.com\/ocs2023\/?p=328"},"modified":"2023-09-02T09:25:07","modified_gmt":"2023-09-02T09:25:07","slug":"maixabel-lasa","status":"publish","type":"post","link":"https:\/\/welcomespanishrevolution.com\/ocs2023\/maixabel-lasa\/","title":{"rendered":"Maixabel Lasa\u00a0"},"content":{"rendered":"<p><span style=\"font-weight: 400;\">Maixabel Lasa Iturrioz (<\/span><a href=\"https:\/\/es.wikipedia.org\/wiki\/Legorreta\"><span style=\"font-weight: 400;\">Legorreta<\/span><\/a><span style=\"font-weight: 400;\">, <\/span><a href=\"https:\/\/es.wikipedia.org\/wiki\/Guip%C3%BAzcoa\"><span style=\"font-weight: 400;\">Guip\u00fazcoa<\/span><\/a><span style=\"font-weight: 400;\">, <\/span><a href=\"https:\/\/es.wikipedia.org\/wiki\/1951\"><span style=\"font-weight: 400;\">1951<\/span><\/a><span style=\"font-weight: 400;\">) es una <\/span><a href=\"https:\/\/es.wikipedia.org\/wiki\/Activismo\"><span style=\"font-weight: 400;\">activista<\/span><\/a><span style=\"font-weight: 400;\"> y <\/span><a href=\"https:\/\/es.wikipedia.org\/wiki\/Pol%C3%ADtico\"><span style=\"font-weight: 400;\">pol\u00edtica<\/span><\/a> <a href=\"https:\/\/es.wikipedia.org\/wiki\/Espa%C3%B1a\"><span style=\"font-weight: 400;\">espa\u00f1ola<\/span><\/a><span style=\"font-weight: 400;\"> por la convivencia en el <\/span><a href=\"https:\/\/es.wikipedia.org\/wiki\/Pa%C3%ADs_Vasco\"><span style=\"font-weight: 400;\">Pa\u00eds Vasco<\/span><\/a><span style=\"font-weight: 400;\">, directora de la Oficina de Atenci\u00f3n a las V\u00edctimas del Terrorismo del <\/span><a href=\"https:\/\/es.wikipedia.org\/wiki\/Gobierno_Vasco\"><span style=\"font-weight: 400;\">Gobierno Vasco<\/span><\/a><span style=\"font-weight: 400;\"> entre 2001 y 2012. Viuda de <\/span><a href=\"https:\/\/es.wikipedia.org\/wiki\/Juan_Mar%C3%ADa_J%C3%A1uregui\"><span style=\"font-weight: 400;\">Juan Mar\u00eda J\u00e1uregui<\/span><\/a><span style=\"font-weight: 400;\">, pol\u00edtico vasco del <\/span><a href=\"https:\/\/es.wikipedia.org\/wiki\/Partido_Socialista_de_Euskadi-Euskadiko_Ezkerra\"><span style=\"font-weight: 400;\">PSE<\/span><\/a><span style=\"font-weight: 400;\"> asesinado por <\/span><a href=\"https:\/\/es.wikipedia.org\/wiki\/ETA\"><span style=\"font-weight: 400;\">ETA<\/span><\/a><span style=\"font-weight: 400;\">, fue una de las primeras v\u00edctimas que accedi\u00f3 a entrevistarse con los asesinos de su marido en la c\u00e1rcel.\u00a0<\/span><\/p>\n<p><span style=\"font-weight: 400;\">Leer biograf\u00eda completa: https:\/\/es.wikipedia.org\/wiki\/Maixabel_Lasa<\/span><\/p>\n<p><span style=\"font-weight: 400;\">Leer: <\/span><a href=\"https:\/\/www.publico.es\/entrevistas\/maixabel-lasa-etarras-arrepentidos-son-mayores-deslegitimadores-violencia.html\"><span style=\"font-weight: 400;\">https:\/\/www.publico.es\/entrevistas\/maixabel-lasa-etarras-arrepentidos-son-mayores-deslegitimadores-violencia.html<\/span><\/a><\/p>\n<p><a href=\"https:\/\/www.eldiario.es\/cultura\/maixabel-lasa-victima-eta-perdonar-agnostica_1_8341694.html\"><span style=\"font-weight: 400;\">https:\/\/www.eldiario.es\/cultura\/maixabel-lasa-victima-eta-perdonar-agnostica_1_8341694.html<\/span><\/a><\/p>\n<p><a href=\"https:\/\/www.diariodenavarra.es\/noticias\/navarra\/2022\/01\/22\/maixabel-lasa-hay-respetar-diferente-te-hecho-dano-vida-514746-300.html\"><span style=\"font-weight: 400;\">https:\/\/www.diariodenavarra.es\/noticias\/navarra\/2022\/01\/22\/maixabel-lasa-hay-respetar-diferente-te-hecho-dano-vida-514746-300.html<\/span><\/a><\/p>\n","protected":false},"excerpt":{"rendered":"<p>Maixabel Lasa Iturrioz (Legorreta, Guip\u00fazcoa, 1951) es una activista y pol\u00edtica espa\u00f1ola por la convivencia en el Pa\u00eds Vasco, directora de la Oficina de Atenci\u00f3n a las V\u00edctimas del Terrorismo&#8230;<\/p>\n","protected":false},"author":2,"featured_media":334,"comment_status":"closed","ping_status":"closed","sticky":false,"template":"","format":"standard","meta":{"footnotes":""},"categories":[6],"tags":[],"class_list":{"0":"post-328","1":"post","2":"type-post","3":"status-publish","4":"format-standard","5":"has-post-thumbnail","7":"category-invitadas_pv"},"_links":{"self":[{"href":"https:\/\/welcomespanishrevolution.com\/ocs2023\/wp-json\/wp\/v2\/posts\/328","targetHints":{"allow":["GET"]}}],"collection":[{"href":"https:\/\/welcomespanishrevolution.com\/ocs2023\/wp-json\/wp\/v2\/posts"}],"about":[{"href":"https:\/\/welcomespanishrevolution.com\/ocs2023\/wp-json\/wp\/v2\/types\/post"}],"author":[{"embeddable":true,"href":"https:\/\/welcomespanishrevolution.com\/ocs2023\/wp-json\/wp\/v2\/users\/2"}],"replies":[{"embeddable":true,"href":"https:\/\/welcomespanishrevolution.com\/ocs2023\/wp-json\/wp\/v2\/comments?post=328"}],"version-history":[{"count":2,"href":"https:\/\/welcomespanishrevolution.com\/ocs2023\/wp-json\/wp\/v2\/posts\/328\/revisions"}],"predecessor-version":[{"id":357,"href":"https:\/\/welcomespanishrevolution.com\/ocs2023\/wp-json\/wp\/v2\/posts\/328\/revisions\/357"}],"wp:featuredmedia":[{"embeddable":true,"href":"https:\/\/welcomespanishrevolution.com\/ocs2023\/wp-json\/wp\/v2\/media\/334"}],"wp:attachment":[{"href":"https:\/\/welcomespanishrevolution.com\/ocs2023\/wp-json\/wp\/v2\/media?parent=328"}],"wp:term":[{"taxonomy":"category","embeddable":true,"href":"https:\/\/welcomespanishrevolution.com\/ocs2023\/wp-json\/wp\/v2\/categories?post=328"},{"taxonomy":"post_tag","embeddable":true,"href":"https:\/\/welcomespanishrevolution.com\/ocs2023\/wp-json\/wp\/v2\/tags?post=328"}],"curies":[{"name":"wp","href":"https:\/\/api.w.org\/{rel}","templated":true}]}}