{"id":320,"date":"2023-09-02T08:46:14","date_gmt":"2023-09-02T08:46:14","guid":{"rendered":"https:\/\/welcomespanishrevolution.com\/ocs2023\/?p=320"},"modified":"2023-09-02T08:46:14","modified_gmt":"2023-09-02T08:46:14","slug":"toni-marin","status":"publish","type":"post","link":"https:\/\/welcomespanishrevolution.com\/ocs2023\/toni-marin\/","title":{"rendered":"Toni Mar\u00edn"},"content":{"rendered":"<p><span style=\"font-weight: 400;\"><strong>Toni Mar\u00edn<\/strong> es cocreador de la revista y editorial EcoHabitar y activista ecol\u00f3gico desde los 17 a\u00f1os.<\/span><span style=\"font-weight: 400;\"> Se trata de <\/span><span style=\"font-weight: 400;\">uno de los referentes del activismo ecol\u00f3gico en Espa\u00f1a. Ha sido punta de lanza de la bioconstrucci\u00f3n y la construcci\u00f3n ecol\u00f3gica desde sus inicios, adem\u00e1s de tener amplios conocimientos de permacultura, una herramienta de dise\u00f1o sostenible muy interesante. Desde EcoHabitar Toni ha acompa\u00f1ado multitud de iniciativas y movimientos ecol\u00f3gicos relacionados con la vivienda y la construcci\u00f3n<\/span><\/p>\n<p><span style=\"font-weight: 400;\">Es Cofundador y vocal de la Asociaci\u00f3n Espa\u00f1ola de Bioconstrucci\u00f3n (AEB),cofundador del Foro Ib\u00e9rico de la Cal (FICAL), miembro fundador de Asociaci\u00f3n parala formaci\u00f3n en Bioconstrucci\u00f3n y Sostenibilidad, vocal de la Red Ib\u00e9rica de Ecoaldeas (RIE). Asesora sobre temas de ecoarquitectura y bioconstruci\u00f3n a diferentes empresas y entidades, colabor\u00f3 en la oficina del eurodiputado de los Verdes David Hammerstein como asesor en eficiencia energ\u00e9tica y edificaci\u00f3n. As\u00ed mismo ha impartido diversas charlas, conferencias y seminarios sobre sostenibilidad pr\u00e1ctica, bioconstrucci\u00f3n y salud en el h\u00e1bitat.\u00a0<\/span><\/p>\n<p><span style=\"font-weight: 400;\">Ha escrito un buen n\u00famero de art\u00edculos en\u00a0 revistas especializadas : The Ecologist, El Ecologista, Integral, etc. Estudi\u00f3 hasta bachillerato y en la escuela de Artes y oficios de Palma de Mallorca. En la actualidad vive en una Ecoaldea.<\/span><\/p>\n","protected":false},"excerpt":{"rendered":"<p>Toni Mar\u00edn es cocreador de la revista y editorial EcoHabitar y activista ecol\u00f3gico desde los 17 a\u00f1os. Se trata de uno de los referentes del activismo ecol\u00f3gico en Espa\u00f1a. Ha&#8230;<\/p>\n","protected":false},"author":2,"featured_media":0,"comment_status":"closed","ping_status":"closed","sticky":false,"template":"","format":"standard","meta":{"footnotes":""},"categories":[6],"tags":[],"class_list":{"0":"post-320","1":"post","2":"type-post","3":"status-publish","4":"format-standard","6":"category-invitadas_pv"},"_links":{"self":[{"href":"https:\/\/welcomespanishrevolution.com\/ocs2023\/wp-json\/wp\/v2\/posts\/320","targetHints":{"allow":["GET"]}}],"collection":[{"href":"https:\/\/welcomespanishrevolution.com\/ocs2023\/wp-json\/wp\/v2\/posts"}],"about":[{"href":"https:\/\/welcomespanishrevolution.com\/ocs2023\/wp-json\/wp\/v2\/types\/post"}],"author":[{"embeddable":true,"href":"https:\/\/welcomespanishrevolution.com\/ocs2023\/wp-json\/wp\/v2\/users\/2"}],"replies":[{"embeddable":true,"href":"https:\/\/welcomespanishrevolution.com\/ocs2023\/wp-json\/wp\/v2\/comments?post=320"}],"version-history":[{"count":1,"href":"https:\/\/welcomespanishrevolution.com\/ocs2023\/wp-json\/wp\/v2\/posts\/320\/revisions"}],"predecessor-version":[{"id":321,"href":"https:\/\/welcomespanishrevolution.com\/ocs2023\/wp-json\/wp\/v2\/posts\/320\/revisions\/321"}],"wp:attachment":[{"href":"https:\/\/welcomespanishrevolution.com\/ocs2023\/wp-json\/wp\/v2\/media?parent=320"}],"wp:term":[{"taxonomy":"category","embeddable":true,"href":"https:\/\/welcomespanishrevolution.com\/ocs2023\/wp-json\/wp\/v2\/categories?post=320"},{"taxonomy":"post_tag","embeddable":true,"href":"https:\/\/welcomespanishrevolution.com\/ocs2023\/wp-json\/wp\/v2\/tags?post=320"}],"curies":[{"name":"wp","href":"https:\/\/api.w.org\/{rel}","templated":true}]}}