{"id":285,"date":"2023-09-02T08:13:56","date_gmt":"2023-09-02T08:13:56","guid":{"rendered":"https:\/\/welcomespanishrevolution.com\/ocs2023\/?p=285"},"modified":"2023-09-03T19:21:26","modified_gmt":"2023-09-03T19:21:26","slug":"lara-barros-alfaro","status":"publish","type":"post","link":"https:\/\/welcomespanishrevolution.com\/ocs2023\/lara-barros-alfaro\/","title":{"rendered":"Lara Barros Alfaro"},"content":{"rendered":"<p><b>Lara Barros Alfaro<\/b><span style=\"font-weight: 400;\">, <\/span><span style=\"font-weight: 400;\">Licenciada en Historia pola Universidade de Santiago de Compostela, m\u00e1ster en Relaci\u00f3ns Internacionais e Estudos para o Desenvolvemento pola Universidade Aut\u00f3noma de Barcelona e Posgrao en Historia Contempor\u00e1nea, especialidade en Sociedades Rurais, pola USC. Desenvolve a s\u00faa memoria de investigaci\u00f3n final de mestrado sobre o devir hist\u00f3rico dos montes comunais no municipio de Oia.<\/span><\/p>\n<p><span style=\"font-weight: 400;\">Conectada laboral e afectivamente co mundo rural e labrego durante moitos anos a trav\u00e9s do sindicalismo agrario, desenvolve e f\u00f3rmase no acompa\u00f1amento e dinamizaci\u00f3n de grupos e de procesos participativos, nos que a perspectiva de x\u00e9nero \u00e9 unha preocupaci\u00f3n constante. Actualmente est\u00e1 en formaci\u00f3n como facilitadora de grupos en Terapia do Reencontro e \u00e9 a impulsora de Mulime, proxecto profesional de investigaci\u00f3n hist\u00f3rica e documental para Comunidades de Montes Veci\u00f1ais en Man Com\u00fan<\/span><\/p>\n","protected":false},"excerpt":{"rendered":"<p>Lara Barros Alfaro, Licenciada en Historia pola Universidade de Santiago de Compostela, m\u00e1ster en Relaci\u00f3ns Internacionais e Estudos para o Desenvolvemento pola Universidade Aut\u00f3noma de Barcelona e Posgrao en Historia&#8230;<\/p>\n","protected":false},"author":2,"featured_media":0,"comment_status":"closed","ping_status":"closed","sticky":false,"template":"","format":"standard","meta":{"footnotes":""},"categories":[19],"tags":[],"class_list":{"0":"post-285","1":"post","2":"type-post","3":"status-publish","4":"format-standard","6":"category-invitadas-galiza"},"_links":{"self":[{"href":"https:\/\/welcomespanishrevolution.com\/ocs2023\/wp-json\/wp\/v2\/posts\/285","targetHints":{"allow":["GET"]}}],"collection":[{"href":"https:\/\/welcomespanishrevolution.com\/ocs2023\/wp-json\/wp\/v2\/posts"}],"about":[{"href":"https:\/\/welcomespanishrevolution.com\/ocs2023\/wp-json\/wp\/v2\/types\/post"}],"author":[{"embeddable":true,"href":"https:\/\/welcomespanishrevolution.com\/ocs2023\/wp-json\/wp\/v2\/users\/2"}],"replies":[{"embeddable":true,"href":"https:\/\/welcomespanishrevolution.com\/ocs2023\/wp-json\/wp\/v2\/comments?post=285"}],"version-history":[{"count":3,"href":"https:\/\/welcomespanishrevolution.com\/ocs2023\/wp-json\/wp\/v2\/posts\/285\/revisions"}],"predecessor-version":[{"id":503,"href":"https:\/\/welcomespanishrevolution.com\/ocs2023\/wp-json\/wp\/v2\/posts\/285\/revisions\/503"}],"wp:attachment":[{"href":"https:\/\/welcomespanishrevolution.com\/ocs2023\/wp-json\/wp\/v2\/media?parent=285"}],"wp:term":[{"taxonomy":"category","embeddable":true,"href":"https:\/\/welcomespanishrevolution.com\/ocs2023\/wp-json\/wp\/v2\/categories?post=285"},{"taxonomy":"post_tag","embeddable":true,"href":"https:\/\/welcomespanishrevolution.com\/ocs2023\/wp-json\/wp\/v2\/tags?post=285"}],"curies":[{"name":"wp","href":"https:\/\/api.w.org\/{rel}","templated":true}]}}