{"id":277,"date":"2023-09-02T08:10:29","date_gmt":"2023-09-02T08:10:29","guid":{"rendered":"https:\/\/welcomespanishrevolution.com\/ocs2023\/?p=277"},"modified":"2023-09-02T08:10:54","modified_gmt":"2023-09-02T08:10:54","slug":"maria-bella","status":"publish","type":"post","link":"https:\/\/welcomespanishrevolution.com\/ocs2023\/maria-bella\/","title":{"rendered":"Mar\u00eda Bella"},"content":{"rendered":"<p><b>Doctora en Curadur\u00eda y co-fundadora de <\/b><a href=\"http:\/\/unhagranburlanegra.gal\/\"><b>Unha Gran Burla Negra<\/b><\/a><\/p>\n<p><span style=\"font-weight: 400;\">Mar\u00eda Bella es investigadora y curadora independiente. Sus l\u00edneas de investigaci\u00f3n y pr\u00e1ctica giran en torno a la cr\u00edtica institucional, la indagaci\u00f3n de pr\u00e1cticas culturales experimentales, especialmente aquellas que se articulan desde una base colectiva y comunitaria, as\u00ed como la construcci\u00f3n y visibilizaci\u00f3n de epistemolog\u00edas y genealog\u00edas otras. Es Doctora en Curatorial\/Knowledge y posee un M\u00e1ster en Creative Curating, ambos obtenidos en la Goldsmiths University de Londres; adem\u00e1s es Licenciada en Bellas Artes por la Universidad Complutense de Madrid.<\/span><\/p>\n<p><span style=\"font-weight: 400;\">En la primera d\u00e9cada de los a\u00f1os dos mil, desarroll\u00f3 proyectos innovadores en el \u00e1mbito del <\/span><i><span style=\"font-weight: 400;\">site-specific<\/span><\/i><span style=\"font-weight: 400;\"> y el arte sonoro, como \u00abMientrastanto\u00bb o \u00abItinerarios del Sonido\u00bb. Su propuesta m\u00e1s radical en esa \u00e9poca fue dar forma a Intermediae-Matadero Madrid, con el objetivo de crear un espacio municipal dedicado a la experimentaci\u00f3n de una producci\u00f3n cultural colectiva. Posteriormente, se concentr\u00f3 en la investigaci\u00f3n, desarrollando su tesis doctoral centrada en la <\/span><i><span style=\"font-weight: 400;\">sinautor\u00eda<\/span><\/i><span style=\"font-weight: 400;\"> y en el colectivo Cine sin Autor, a partir de la cual teoriz\u00f3 un modelo para abrir las formas de producci\u00f3n en la cultura.<\/span><\/p>\n<p><span style=\"font-weight: 400;\">M\u00e1s recientemente, vive y trabaja en Galicia, espec\u00edficamente en la Costa da Morte, donde desarrolla una serie de l\u00edneas de acci\u00f3n a trav\u00e9s de diversas asociaciones culturales y medioambientales del territorio. Entre ellas destaca el trabajo de reactivaci\u00f3n de la memoria del movimiento ciudadano \u00abNunca M\u00e1is\u00bb vinculado a las luchas contra la gesti\u00f3n de la cat\u00e1strofe del Prestige a trav\u00e9s de la asociaci\u00f3n cultural \u00abUnha Gran Burla Negra\u00bb, la b\u00fasqueda por despertar un agenciamiento entre el pensamiento filos\u00f3fico y la vida com\u00fan desde la asociaci\u00f3n cultural Universidade Crom\u00e1tica das Virtudes o la lucha contra el olvido y la puesta en valor de los v\u00ednculos biosociales a trav\u00e9s del monte desde la asociaci\u00f3n medioambiental \u00abBoca de Sapo\u00bb.<\/span><\/p>\n<p><span style=\"font-weight: 400;\">Recientemente, ha constituido la Cooperativa Cultural \u00abAzul m\u00e1s Verde\u00bb con sede en Carnota y desempe\u00f1a la funci\u00f3n de concejala de Cultura, Bienestar e Igualdad en el Concello de Corcubi\u00f3n, ambas en Costa da Morte.\u00a0<\/span><\/p>\n<p><span style=\"font-weight: 400;\">Algunas de sus investigaciones est\u00e1n disponibles en publicaciones como \u00abSin Objeto. Arte, investigaci\u00f3n, pol\u00edticas\u00bb (n\u00famero 1), \u00abAccesos. Pr\u00e1cticas art\u00edsticas y formas de conocimiento contempor\u00e1neas\u00bb (n\u00famero 1) o \u00abLectora: revista de dones i textualitat\u00bb (n\u00famero 27).<\/span><\/p>\n","protected":false},"excerpt":{"rendered":"<p>Doctora en Curadur\u00eda y co-fundadora de Unha Gran Burla Negra Mar\u00eda Bella es investigadora y curadora independiente. Sus l\u00edneas de investigaci\u00f3n y pr\u00e1ctica giran en torno a la cr\u00edtica institucional,&#8230;<\/p>\n","protected":false},"author":2,"featured_media":278,"comment_status":"closed","ping_status":"closed","sticky":false,"template":"","format":"standard","meta":{"footnotes":""},"categories":[19],"tags":[],"class_list":{"0":"post-277","1":"post","2":"type-post","3":"status-publish","4":"format-standard","5":"has-post-thumbnail","7":"category-invitadas-galiza"},"_links":{"self":[{"href":"https:\/\/welcomespanishrevolution.com\/ocs2023\/wp-json\/wp\/v2\/posts\/277","targetHints":{"allow":["GET"]}}],"collection":[{"href":"https:\/\/welcomespanishrevolution.com\/ocs2023\/wp-json\/wp\/v2\/posts"}],"about":[{"href":"https:\/\/welcomespanishrevolution.com\/ocs2023\/wp-json\/wp\/v2\/types\/post"}],"author":[{"embeddable":true,"href":"https:\/\/welcomespanishrevolution.com\/ocs2023\/wp-json\/wp\/v2\/users\/2"}],"replies":[{"embeddable":true,"href":"https:\/\/welcomespanishrevolution.com\/ocs2023\/wp-json\/wp\/v2\/comments?post=277"}],"version-history":[{"count":1,"href":"https:\/\/welcomespanishrevolution.com\/ocs2023\/wp-json\/wp\/v2\/posts\/277\/revisions"}],"predecessor-version":[{"id":279,"href":"https:\/\/welcomespanishrevolution.com\/ocs2023\/wp-json\/wp\/v2\/posts\/277\/revisions\/279"}],"wp:featuredmedia":[{"embeddable":true,"href":"https:\/\/welcomespanishrevolution.com\/ocs2023\/wp-json\/wp\/v2\/media\/278"}],"wp:attachment":[{"href":"https:\/\/welcomespanishrevolution.com\/ocs2023\/wp-json\/wp\/v2\/media?parent=277"}],"wp:term":[{"taxonomy":"category","embeddable":true,"href":"https:\/\/welcomespanishrevolution.com\/ocs2023\/wp-json\/wp\/v2\/categories?post=277"},{"taxonomy":"post_tag","embeddable":true,"href":"https:\/\/welcomespanishrevolution.com\/ocs2023\/wp-json\/wp\/v2\/tags?post=277"}],"curies":[{"name":"wp","href":"https:\/\/api.w.org\/{rel}","templated":true}]}}