{"id":275,"date":"2023-09-02T08:08:39","date_gmt":"2023-09-02T08:08:39","guid":{"rendered":"https:\/\/welcomespanishrevolution.com\/ocs2023\/?p=275"},"modified":"2023-09-03T19:18:10","modified_gmt":"2023-09-03T19:18:10","slug":"bienvenidas-a-galicia","status":"publish","type":"post","link":"https:\/\/welcomespanishrevolution.com\/ocs2023\/bienvenidas-a-galicia\/","title":{"rendered":"Bienvenidas a Galicia"},"content":{"rendered":"<p><strong>Unha proposta de viaxe de aprendizaxe por Maria Bella<\/strong><\/p>\n<p><span style=\"font-weight: 400;\">Bienvenidos a Galicia.\u00a0<\/span><\/p>\n<p><span style=\"font-weight: 400;\">Aunque sea de un modo algo generalista, queremos se\u00f1alar dos de las particularidades que marcan nuestro territorio en relaci\u00f3n al resto de la pen\u00ednsula. Por un lado, Galicia tiene la l\u00ednea de costa m\u00e1s larga de entre todas las comunidades aut\u00f3nomas y, por otro, cuenta con un alt\u00edsimo porcentaje (87%) de superficie rural en el que se ubican 32.000 n\u00facleos de poblaci\u00f3n que suponen, en su conjunto, la mitad de todo el pa\u00eds. El mar y la tierra son por tanto protagonistas indiscutibles de este territorio y ser\u00e1n el sost\u00e9n de nuestro viaje.<\/span><\/p>\n<p><span style=\"font-weight: 400;\">Dentro de Galicia nos situaremos durante cuatro d\u00edas en Costa da Morte, zona m\u00e1s occidental de toda la pen\u00ednsula Ib\u00e9rica y de la comunidad aut\u00f3noma gallega. Si atendemos a la representaci\u00f3n gr\u00e1fica y cl\u00e1sica de la tierra podemos apreciar el calificativo que hist\u00f3ricamente se han autoasignado algunas de las comunidades de este pedazo de costa, somos el ombligo del atl\u00e1ntico. Por otro lado, pese a ser \u201cun centro\u201d, el origen del top\u00f3nimo deriva de la dificultad de la navegabilidad de nuestras aguas y de la predisposici\u00f3n hist\u00f3rica a cat\u00e1strofes por la orograf\u00eda marina y las condiciones meteorol\u00f3gicas adversas\u00a0<\/span><\/p>\n<p><span style=\"font-weight: 400;\">Para darle forma a Costa da Morte, tenemos que imaginarnos un brazo de tierra extendido hacia el atl\u00e1ntico con n\u00facleos poblacionales singulares unidos al mar y al monte cuya dedicaci\u00f3n durante mucho tiempo ha sido la pesca artesanal, la agricultura extensiva y una ganader\u00eda similar. No somos, ni mucho menos, el \u00fanico territorio gallego en el que ambos medios son los principales con-formadores de vida; las nuestras son historias comunes que se repiten y se reproducen, seguro, en otras partes de Galicia.\u00a0<\/span><\/p>\n<p><span style=\"font-weight: 400;\">En el extremo de la Costa da Morte se encuentra Finisterre, uno de los tres finales del mundo europeos haciendo triada con Las\u2019t End en Inglaterra y Dingle en Irlanda. Frente al finisterrae, hacia el sur, un monte emblem\u00e1tico huella y testigo del paso del tiempo, geol\u00f3gico, hist\u00f3rico, pol\u00edtico, cultural y medioambientalmente hablando, el Monte Pindo. Estos son dos de nuestros grandes referentes que con una batida de ojos ejemplifican aquello que ha definido la producci\u00f3n de trabajo y vida de este territorio: casi como un mantra; el mar y el monte.<\/span><\/p>\n<p><span style=\"font-weight: 400;\">Desde estos dos elementos tan b\u00e1sicos indagaremos algunas de las transformaciones que m\u00e1s han afectado y contin\u00faan afectando la idiosincrasia de la identidad y cultura gallega, como es el caso de su esencia com\u00fan y vecinal.\u00a0 Veremos c\u00f3mo las pol\u00edticas desarrollistas impuestas durante el franquismo en Galicia y la herencia de las mismas han marcado una gran parte de esas transformaciones. Trataremos de entender, sobre todo, la conversi\u00f3n acelerada de los \u00faltimos 100 a\u00f1os y de c\u00f3mo un territorio rural cohesionado se convierte en parque industrial desestructurado. Conoceremos tambi\u00e9n algunos ejemplos de culturas o patrimonio de resistencia en precario que a\u00fan luchan por una supervivencia en com\u00fan. Nos acercaremos a proyectos e iniciativas que sue\u00f1an con una Galicia propia m\u00e1s all\u00e1 del extractivismo capitalista, global y colonial que impera y que procuran rescatar de las ruinas la memoria de lo que fuimos no hace tanto.\u00a0<\/span><\/p>\n<p><span style=\"font-weight: 400;\">Haremos esto, recorriendo lugares de costa da morte que han sido \u201cafectados\u201d y que nos servir\u00e1n tanto de testigo material como de escenario desde donde escuchar diversos relatos, voces, e historias enunciadas desde experiencias de vida, tr\u00e1nsitos profesionales, propuestas art\u00edsticas, activismos, as\u00ed como de investigaciones acad\u00e9micas o ficciones.\u00a0<\/span><\/p>\n","protected":false},"excerpt":{"rendered":"<p>Unha proposta de viaxe de aprendizaxe por Maria Bella Bienvenidos a Galicia.\u00a0 Aunque sea de un modo algo generalista, queremos se\u00f1alar dos de las particularidades que marcan nuestro territorio en&#8230;<\/p>\n","protected":false},"author":2,"featured_media":0,"comment_status":"closed","ping_status":"closed","sticky":false,"template":"","format":"standard","meta":{"footnotes":""},"categories":[17],"tags":[9],"class_list":{"0":"post-275","1":"post","2":"type-post","3":"status-publish","4":"format-standard","6":"category-galiza","7":"tag-galiza"},"_links":{"self":[{"href":"https:\/\/welcomespanishrevolution.com\/ocs2023\/wp-json\/wp\/v2\/posts\/275","targetHints":{"allow":["GET"]}}],"collection":[{"href":"https:\/\/welcomespanishrevolution.com\/ocs2023\/wp-json\/wp\/v2\/posts"}],"about":[{"href":"https:\/\/welcomespanishrevolution.com\/ocs2023\/wp-json\/wp\/v2\/types\/post"}],"author":[{"embeddable":true,"href":"https:\/\/welcomespanishrevolution.com\/ocs2023\/wp-json\/wp\/v2\/users\/2"}],"replies":[{"embeddable":true,"href":"https:\/\/welcomespanishrevolution.com\/ocs2023\/wp-json\/wp\/v2\/comments?post=275"}],"version-history":[{"count":2,"href":"https:\/\/welcomespanishrevolution.com\/ocs2023\/wp-json\/wp\/v2\/posts\/275\/revisions"}],"predecessor-version":[{"id":498,"href":"https:\/\/welcomespanishrevolution.com\/ocs2023\/wp-json\/wp\/v2\/posts\/275\/revisions\/498"}],"wp:attachment":[{"href":"https:\/\/welcomespanishrevolution.com\/ocs2023\/wp-json\/wp\/v2\/media?parent=275"}],"wp:term":[{"taxonomy":"category","embeddable":true,"href":"https:\/\/welcomespanishrevolution.com\/ocs2023\/wp-json\/wp\/v2\/categories?post=275"},{"taxonomy":"post_tag","embeddable":true,"href":"https:\/\/welcomespanishrevolution.com\/ocs2023\/wp-json\/wp\/v2\/tags?post=275"}],"curies":[{"name":"wp","href":"https:\/\/api.w.org\/{rel}","templated":true}]}}