{"id":261,"date":"2023-09-02T07:44:00","date_gmt":"2023-09-02T07:44:00","guid":{"rendered":"https:\/\/welcomespanishrevolution.com\/ocs2023\/?p=261"},"modified":"2023-09-02T08:15:37","modified_gmt":"2023-09-02T08:15:37","slug":"narrativas-solares","status":"publish","type":"post","link":"https:\/\/welcomespanishrevolution.com\/ocs2023\/narrativas-solares\/","title":{"rendered":"Narrativas Solares"},"content":{"rendered":"<p><b>Narrativas Solares. <\/b><span style=\"font-weight: 400;\">La herencia de los Concejos como forma de organizaci\u00f3n a partir de un proyecto que lucha contra la implantaci\u00f3n de placas solares de forma masiva en el paisaje.\u00a0<\/span><\/p>\n<p><span style=\"font-weight: 400;\">La comarca de La Sobarriba est\u00e1 situada a escasos kil\u00f3metros de la ciudad de Le\u00f3n y la conforman, principalmente, los 20 pueblos y 2 agrupaciones de casas que forman parte del municipio de Valdefresno. Su paisaje est\u00e1 formado por suaves cerros de secano, y est\u00e1 atravesada por el Camino de Santiago y situada entre los r\u00edos Porma, Bernesga y Tor\u00edo.<\/span><\/p>\n<p><span style=\"font-weight: 400;\">En este contexto nace Narrativas Solares, que a\u00fana el deseo de algunas vecinas y vecinos que habitan La Sobarriba por hacer visible la problem\u00e1tica y las contradicciones tanto eco-sociales como a nivel personal y emocional que surgen en su territorio con la instalaci\u00f3n de una macro-instalaci\u00f3n de producci\u00f3n fotovoltaica.<\/span><\/p>\n<p><span style=\"font-weight: 400;\">Este hecho, que a priori supone un gran avance hacia la descarbonizaci\u00f3n supone para muchos de ellos, que llevan a\u00f1os luchando desde la defensa de las ruralidades, el activismo eco-social y la universidad un secuestro de sus relatos por parte de las grandes empresas energ\u00e9ticas.<\/span><\/p>\n<p><span style=\"font-weight: 400;\">Estas personas, que comienzan a organizarse en la Plataforma en Defensa de La Sobarriba, piensan que asumir en este territorio un proyecto extractivista tan sobredimensionado es repetir un modelo de colonizaci\u00f3n energ\u00e9tica que ya se ha dado muchas veces en la provincia leonesa con el pantano de Ria\u00f1o, las minas subterr\u00e1neas y a cielo abierto de los valles de Laciana o El Bierzo o con la planta t\u00e9rmica de La Robla.<\/span><\/p>\n<p><span style=\"font-weight: 400;\">Alfredo Escapa ha activado un proceso dial\u00f3gico con el vecindario y el ecosistema para que las afecciones a los h\u00e1bitats y al paisaje que todas disfrutan en su cotidiano sea lo m\u00e1s leve posible, que los agricultores no se sientan expulsados de las tierras que trabajan y que son su sustento, que los impactos sobre la actividad cineg\u00e9tica sean m\u00ednimos y para que sus viviendas se desvaloricen lo m\u00ednimo posible.<\/span><\/p>\n<p><span style=\"font-weight: 400;\">Estableciendo este di\u00e1logo con el resto de la sociedad desean ser entendidas en toda la complejidad de su pensamiento y lugar en el mundo. Desde el relato de los tiempos rurales densos, lentos, estacionales y de cuidados que a\u00fan siguen perdurando frente al tiempo presente que impone la tiran\u00eda de lo inmediato, lo breve y lo r\u00e1pido. Detenerse para mirar y mirarnos. Parar para percibir todo lo que ya est\u00e1 sucediendo, y curar lo que se necesite curar desde una red de amparo y sujeci\u00f3n.<\/span><\/p>\n<p><span style=\"font-weight: 400;\">Y en este curar desean contarse desde lo humano y lo no humano: desde las personas, los lugares, los edificios, los relatos, las plazas, los suministros o las liturgias. Eso que se ha dado en llamar territorio y que muchas veces se homogeniza, con el fin de desvincularlo de sus habitantes.<\/span><\/p>\n<p><span style=\"font-weight: 400;\">Recreando y re-imaginando el relato de la celebraci\u00f3n que es vivir, con todas sus contradicciones, en territorios rurales como la Sobarriba. Uniendo el \u201chacer\u201d con el \u201cpensar\u201d, lo \u201ccient\u00edfico\u201d con lo \u201cm\u00e1gico\u201d, utilizando lo sensorial y emocional como la herramienta que nos sirva tanto para la observaci\u00f3n de la realidad como para la descripci\u00f3n y el redise\u00f1o de estas nuevas narrativas.<\/span><\/p>\n<p><a href=\"https:\/\/concomitentes.org\/concomitancias\/narrativas-solares\"><span style=\"font-weight: 400;\">https:\/\/concomitentes.org\/concomitancias\/narrativas-solares<\/span><\/a><\/p>\n","protected":false},"excerpt":{"rendered":"<p>Narrativas Solares. La herencia de los Concejos como forma de organizaci\u00f3n a partir de un proyecto que lucha contra la implantaci\u00f3n de placas solares de forma masiva en el paisaje.\u00a0&#8230;<\/p>\n","protected":false},"author":2,"featured_media":0,"comment_status":"closed","ping_status":"closed","sticky":false,"template":"","format":"standard","meta":{"footnotes":""},"categories":[14],"tags":[],"class_list":{"0":"post-261","1":"post","2":"type-post","3":"status-publish","4":"format-standard","6":"category-invitadas_cl"},"_links":{"self":[{"href":"https:\/\/welcomespanishrevolution.com\/ocs2023\/wp-json\/wp\/v2\/posts\/261","targetHints":{"allow":["GET"]}}],"collection":[{"href":"https:\/\/welcomespanishrevolution.com\/ocs2023\/wp-json\/wp\/v2\/posts"}],"about":[{"href":"https:\/\/welcomespanishrevolution.com\/ocs2023\/wp-json\/wp\/v2\/types\/post"}],"author":[{"embeddable":true,"href":"https:\/\/welcomespanishrevolution.com\/ocs2023\/wp-json\/wp\/v2\/users\/2"}],"replies":[{"embeddable":true,"href":"https:\/\/welcomespanishrevolution.com\/ocs2023\/wp-json\/wp\/v2\/comments?post=261"}],"version-history":[{"count":2,"href":"https:\/\/welcomespanishrevolution.com\/ocs2023\/wp-json\/wp\/v2\/posts\/261\/revisions"}],"predecessor-version":[{"id":291,"href":"https:\/\/welcomespanishrevolution.com\/ocs2023\/wp-json\/wp\/v2\/posts\/261\/revisions\/291"}],"wp:attachment":[{"href":"https:\/\/welcomespanishrevolution.com\/ocs2023\/wp-json\/wp\/v2\/media?parent=261"}],"wp:term":[{"taxonomy":"category","embeddable":true,"href":"https:\/\/welcomespanishrevolution.com\/ocs2023\/wp-json\/wp\/v2\/categories?post=261"},{"taxonomy":"post_tag","embeddable":true,"href":"https:\/\/welcomespanishrevolution.com\/ocs2023\/wp-json\/wp\/v2\/tags?post=261"}],"curies":[{"name":"wp","href":"https:\/\/api.w.org\/{rel}","templated":true}]}}