{"id":241,"date":"2023-09-02T07:14:26","date_gmt":"2023-09-02T07:14:26","guid":{"rendered":"https:\/\/welcomespanishrevolution.com\/ocs2023\/?p=241"},"modified":"2023-09-02T07:15:09","modified_gmt":"2023-09-02T07:15:09","slug":"emilio-silva","status":"publish","type":"post","link":"https:\/\/welcomespanishrevolution.com\/ocs2023\/emilio-silva\/","title":{"rendered":"Emilio Silva"},"content":{"rendered":"<h3><a href=\"https:\/\/www.instagram.com\/emilio_silva_barrera\/?igshid=MzRlODBiNWFlZA%3D%3D\"><b>Emilio Silva<\/b><\/a><\/h3>\n<p><strong>(Fundador de la Asociaci\u00f3n por la Recuperaci\u00f3n de la Memoria Hist\u00f3rica y autor de <a href=\"https:\/\/otramiradaesposible.blogspot.com\/\" target=\"_blank\" rel=\"noopener\">Otra mirada es posible<\/a>)<\/strong><\/p>\n<p><span style=\"font-weight: 400;\">Emilio Silva naci\u00f3 en Elizondo, Navarra. Soci\u00f3logo y periodista espa\u00f1ol, activista por la recuperaci\u00f3n de la Memoria hist\u00f3rica. Se licenci\u00f3 en Sociolog\u00eda Pol\u00edtica en la Universidad Complutense de Madrid. Fund\u00f3 en el 2000 la Asociaci\u00f3n para la Recuperaci\u00f3n de la Memoria Hist\u00f3rica (A.R.M.H), cuyo objetivo principal es la localizaci\u00f3n de v\u00edctimas de la represi\u00f3n durante la Guerra Civil Espa\u00f1ola y la dictadura de Francisco Franco. <\/span><span style=\"font-weight: 400;\">Emilio Silva fue quien realiz\u00f3 la primera exhumaci\u00f3n en Espa\u00f1a realizada con t\u00e9cnicas arqueol\u00f3gicas y forenses, en la que se hallaron los restos de trece militantes republicanos, entre ellos los de su abuelo.<\/span><span style=\"font-weight: 400;\">Ha colaborado con numerosos medios de comunicaci\u00f3n: Diario 16, El Pa\u00eds, El Semanal, P\u00fablico, ElDiario.es. Es autor de <\/span><i><span style=\"font-weight: 400;\">Las tumbas de Franco: cr\u00f3nica de una reparaci\u00f3n<\/span><\/i><span style=\"font-weight: 400;\"> (Temas de hoy, 2005); <\/span><i><span style=\"font-weight: 400;\">Los tres cerditos<\/span><\/i><span style=\"font-weight: 400;\">, desde la perspectiva de un desalojo (Editorial Alkibla, 2015) y <\/span><i><span style=\"font-weight: 400;\">Agujeros en el silencio<\/span><\/i><span style=\"font-weight: 400;\">: <\/span><i><span style=\"font-weight: 400;\">l\u00edneas de memoria frente a la impunidad del franquismo <\/span><\/i><span style=\"font-weight: 400;\">(Postmetr\u00f3plolis, 2020). Adem\u00e1s, es coeditor de <\/span><i><span style=\"font-weight: 400;\">La memoria de los olvidados: un debate sobre el silencio de la represi\u00f3n franquista<\/span><\/i><span style=\"font-weight: 400;\"> (\u00c1mbito, 2004) y de <\/span><i><span style=\"font-weight: 400;\">Pol\u00edticas de memoria y construcci\u00f3n de ciudadan\u00eda<\/span><\/i><span style=\"font-weight: 400;\"> (Postmetropolis, 2015). Tambi\u00e9n apareci\u00f3 de manera destacada en Bones of Contention (dirigida por Andrea Weiss, miembro de la Junta de ALBA), el primer largometraje de no ficci\u00f3n que explora el tema de la memoria hist\u00f3rica en Espa\u00f1a, centr\u00e1ndose en la represi\u00f3n de la comunidad LGBTQ bajo el franquismo.<\/span><\/p>\n","protected":false},"excerpt":{"rendered":"<p>Emilio Silva (Fundador de la Asociaci\u00f3n por la Recuperaci\u00f3n de la Memoria Hist\u00f3rica y autor de Otra mirada es posible) Emilio Silva naci\u00f3 en Elizondo, Navarra. Soci\u00f3logo y periodista espa\u00f1ol,&#8230;<\/p>\n","protected":false},"author":2,"featured_media":243,"comment_status":"closed","ping_status":"closed","sticky":false,"template":"","format":"standard","meta":{"footnotes":""},"categories":[15,6],"tags":[16],"class_list":{"0":"post-241","1":"post","2":"type-post","3":"status-publish","4":"format-standard","5":"has-post-thumbnail","7":"category-cuelgamuros","8":"category-invitadas_pv","9":"tag-cuelgamuros"},"_links":{"self":[{"href":"https:\/\/welcomespanishrevolution.com\/ocs2023\/wp-json\/wp\/v2\/posts\/241","targetHints":{"allow":["GET"]}}],"collection":[{"href":"https:\/\/welcomespanishrevolution.com\/ocs2023\/wp-json\/wp\/v2\/posts"}],"about":[{"href":"https:\/\/welcomespanishrevolution.com\/ocs2023\/wp-json\/wp\/v2\/types\/post"}],"author":[{"embeddable":true,"href":"https:\/\/welcomespanishrevolution.com\/ocs2023\/wp-json\/wp\/v2\/users\/2"}],"replies":[{"embeddable":true,"href":"https:\/\/welcomespanishrevolution.com\/ocs2023\/wp-json\/wp\/v2\/comments?post=241"}],"version-history":[{"count":1,"href":"https:\/\/welcomespanishrevolution.com\/ocs2023\/wp-json\/wp\/v2\/posts\/241\/revisions"}],"predecessor-version":[{"id":242,"href":"https:\/\/welcomespanishrevolution.com\/ocs2023\/wp-json\/wp\/v2\/posts\/241\/revisions\/242"}],"wp:featuredmedia":[{"embeddable":true,"href":"https:\/\/welcomespanishrevolution.com\/ocs2023\/wp-json\/wp\/v2\/media\/243"}],"wp:attachment":[{"href":"https:\/\/welcomespanishrevolution.com\/ocs2023\/wp-json\/wp\/v2\/media?parent=241"}],"wp:term":[{"taxonomy":"category","embeddable":true,"href":"https:\/\/welcomespanishrevolution.com\/ocs2023\/wp-json\/wp\/v2\/categories?post=241"},{"taxonomy":"post_tag","embeddable":true,"href":"https:\/\/welcomespanishrevolution.com\/ocs2023\/wp-json\/wp\/v2\/tags?post=241"}],"curies":[{"name":"wp","href":"https:\/\/api.w.org\/{rel}","templated":true}]}}